{"id":396664,"date":"2026-09-02T14:25:43","date_gmt":"2026-09-02T12:25:43","guid":{"rendered":"https:\/\/poli-real-estate.ch\/?p=396664"},"modified":"2026-09-02T15:13:01","modified_gmt":"2026-09-02T13:13:01","slug":"residence-les-voiles-vivre-au-rythme-du-leman","status":"publish","type":"post","link":"https:\/\/poli-real-estate.ch\/en\/residence-les-voiles-vivre-au-rythme-du-leman\/","title":{"rendered":"R\u00e9sidence Les Voiles : Vivre au rythme du L\u00e9man"},"content":{"rendered":"\t\t<div data-elementor-type=\"wp-post\" data-elementor-id=\"396664\" class=\"elementor elementor-396664\" data-elementor-post-type=\"post\">\n\t\t\t\t<div class=\"elementor-element elementor-element-fb7ab4e e-flex e-con-boxed e-con e-parent\" data-id=\"fb7ab4e\" data-element_type=\"container\" data-settings=\"{&quot;background_background&quot;:&quot;classic&quot;}\">\n\t\t\t\t\t<div class=\"e-con-inner\">\n\t\t\t\t<div class=\"elementor-element elementor-element-5b9d8045 poli-display poli-article-title elementor-widget elementor-widget-heading\" data-id=\"5b9d8045\" data-element_type=\"widget\" data-widget_type=\"heading.default\">\n\t\t\t\t<div class=\"elementor-widget-container\">\n\t\t\t<style>\/*! elementor - v3.21.0 - 26-05-2024 *\/\n.elementor-heading-title{padding:0;margin:0;line-height:1}.elementor-widget-heading .elementor-heading-title[class*=elementor-size-]>a{color:inherit;font-size:inherit;line-height:inherit}.elementor-widget-heading .elementor-heading-title.elementor-size-small{font-size:15px}.elementor-widget-heading .elementor-heading-title.elementor-size-medium{font-size:19px}.elementor-widget-heading .elementor-heading-title.elementor-size-large{font-size:29px}.elementor-widget-heading .elementor-heading-title.elementor-size-xl{font-size:39px}.elementor-widget-heading .elementor-heading-title.elementor-size-xxl{font-size:59px}<\/style><h1 class=\"elementor-heading-title elementor-size-default\">Les Voiles : <br>Vivre au rythme du L\u00e9man<\/h1>\t\t<\/div>\n\t\t\t\t<\/div>\n\t\t<div class=\"elementor-element elementor-element-4b827a07 e-flex e-con-boxed e-con e-child\" data-id=\"4b827a07\" data-element_type=\"container\">\n\t\t\t\t\t<div class=\"e-con-inner\">\n\t\t\t\t<div class=\"elementor-element elementor-element-368c6735 poli-text-sans poli-standfirst elementor-widget elementor-widget-text-editor\" data-id=\"368c6735\" data-element_type=\"widget\" data-widget_type=\"text-editor.default\">\n\t\t\t\t<div class=\"elementor-widget-container\">\n\t\t\t<style>\/*! elementor - v3.21.0 - 26-05-2024 *\/\n.elementor-widget-text-editor.elementor-drop-cap-view-stacked .elementor-drop-cap{background-color:#69727d;color:#fff}.elementor-widget-text-editor.elementor-drop-cap-view-framed .elementor-drop-cap{color:#69727d;border:3px solid;background-color:transparent}.elementor-widget-text-editor:not(.elementor-drop-cap-view-default) .elementor-drop-cap{margin-top:8px}.elementor-widget-text-editor:not(.elementor-drop-cap-view-default) .elementor-drop-cap-letter{width:1em;height:1em}.elementor-widget-text-editor .elementor-drop-cap{float:left;text-align:center;line-height:1;font-size:50px}.elementor-widget-text-editor .elementor-drop-cap-letter{display:inline-block}<\/style>\t\t\t\t<p>\u00c0 Paudex, la R\u00e9sidence Les Voiles r\u00e9unit trois appartements dessin\u00e9s dans le prolongement du paysage. Terrasses, jardins et piscines installent une relation imm\u00e9diate au lac ; les plans, eux, privil\u00e9gient l\u2019ampleur et l\u2019autonomie.<\/p>\t\t\t\t\t\t<\/div>\n\t\t\t\t<\/div>\n\t\t<div class=\"elementor-element elementor-element-7b01301 e-flex e-con-boxed e-con e-child\" data-id=\"7b01301\" data-element_type=\"container\">\n\t\t\t\t\t<div class=\"e-con-inner\">\n\t\t\t\t<div class=\"elementor-element elementor-element-f94f610 elementor-widget elementor-widget-text-editor\" data-id=\"f94f610\" data-element_type=\"widget\" data-widget_type=\"text-editor.default\">\n\t\t\t\t<div class=\"elementor-widget-container\">\n\t\t\t\t\t\t\t<p style=\"text-align: center;\"><span style=\"color: #636363;\">Auteur : Dylan Thomas\u00a0| Temps de lecture : 7 minutes\u00a0<\/span><\/p>\t\t\t\t\t\t<\/div>\n\t\t\t\t<\/div>\n\t\t\t\t\t<\/div>\n\t\t\t\t<\/div>\n\t\t\t\t\t<\/div>\n\t\t\t\t<\/div>\n\t\t\t\t\t<\/div>\n\t\t\t\t<\/div>\n\t\t<div class=\"elementor-element elementor-element-757f2ca e-flex e-con-boxed e-con e-parent\" data-id=\"757f2ca\" data-element_type=\"container\" data-settings=\"{&quot;background_background&quot;:&quot;classic&quot;}\">\n\t\t\t\t\t<div class=\"e-con-inner\">\n\t\t\t\t<div class=\"elementor-element elementor-element-3f163b2a elementor-widget elementor-widget-image\" data-id=\"3f163b2a\" data-element_type=\"widget\" data-widget_type=\"image.default\">\n\t\t\t\t<div class=\"elementor-widget-container\">\n\t\t\t<style>\/*! elementor - v3.21.0 - 26-05-2024 *\/\n.elementor-widget-image{text-align:center}.elementor-widget-image a{display:inline-block}.elementor-widget-image a img[src$=\".svg\"]{width:48px}.elementor-widget-image img{vertical-align:middle;display:inline-block}<\/style>\t\t\t\t\t\t\t\t\t\t<img loading=\"lazy\" decoding=\"async\" width=\"2560\" height=\"1440\" src=\"https:\/\/poli-real-estate.ch\/wp-content\/uploads\/2026\/08\/CP3_PA2_cam03_4K-scaled-26.jpg\" class=\"attachment-full size-full wp-image-398696\" alt=\"\" srcset=\"https:\/\/poli-real-estate.ch\/wp-content\/uploads\/2026\/08\/CP3_PA2_cam03_4K-scaled-26.jpg 2560w, https:\/\/poli-real-estate.ch\/wp-content\/uploads\/2026\/08\/CP3_PA2_cam03_4K-scaled-26-300x169.jpg 300w, https:\/\/poli-real-estate.ch\/wp-content\/uploads\/2026\/08\/CP3_PA2_cam03_4K-scaled-26-1024x576.jpg 1024w, https:\/\/poli-real-estate.ch\/wp-content\/uploads\/2026\/08\/CP3_PA2_cam03_4K-scaled-26-768x432.jpg 768w, https:\/\/poli-real-estate.ch\/wp-content\/uploads\/2026\/08\/CP3_PA2_cam03_4K-scaled-26-1536x864.jpg 1536w, https:\/\/poli-real-estate.ch\/wp-content\/uploads\/2026\/08\/CP3_PA2_cam03_4K-scaled-26-2048x1152.jpg 2048w\" sizes=\"(max-width: 2560px) 100vw, 2560px\" \/>\t\t\t\t\t\t\t\t\t\t\t\t\t<\/div>\n\t\t\t\t<\/div>\n\t\t<div class=\"elementor-element elementor-element-3f86fdd0 e-con-full e-flex e-con e-child\" data-id=\"3f86fdd0\" data-element_type=\"container\">\n\t\t\t\t<div class=\"elementor-element elementor-element-47acacd poli-text-sans poli-caption-text poli-caption-main elementor-widget elementor-widget-text-editor\" data-id=\"47acacd\" data-element_type=\"widget\" data-widget_type=\"text-editor.default\">\n\t\t\t\t<div class=\"elementor-widget-container\">\n\t\t\t\t\t\t\t<p>La pergola et la piscine installent, entre la maison et le lac, une s\u00e9quence \u00e0 ciel ouvert.<\/p>\t\t\t\t\t\t<\/div>\n\t\t\t\t<\/div>\n\t\t\t\t<div class=\"elementor-element elementor-element-3492ea68 poli-text-sans poli-caption-text poli-caption-credit elementor-widget elementor-widget-text-editor\" data-id=\"3492ea68\" data-element_type=\"widget\" data-widget_type=\"text-editor.default\">\n\t\t\t\t<div class=\"elementor-widget-container\">\n\t\t\t\t\t\t\t<p>R\u00e9sidence Les Voiles<\/p>\t\t\t\t\t\t<\/div>\n\t\t\t\t<\/div>\n\t\t\t\t<\/div>\n\t\t\t\t\t<\/div>\n\t\t\t\t<\/div>\n\t\t<div class=\"elementor-element elementor-element-11bfa575 e-flex e-con-boxed e-con e-parent\" data-id=\"11bfa575\" data-element_type=\"container\" data-settings=\"{&quot;background_background&quot;:&quot;classic&quot;}\">\n\t\t\t\t\t<div class=\"e-con-inner\">\n\t\t<div class=\"elementor-element elementor-element-10c01c2a e-con-full e-flex e-con e-child\" data-id=\"10c01c2a\" data-element_type=\"container\">\n\t\t\t\t<div class=\"elementor-element elementor-element-6646191c poli-editorial-link elementor-widget elementor-widget-heading\" data-id=\"6646191c\" data-element_type=\"widget\" data-widget_type=\"heading.default\">\n\t\t\t\t<div class=\"elementor-widget-container\">\n\t\t\t<div class=\"elementor-heading-title elementor-size-default\"><a href=\"https:\/\/poli-real-estate.ch\/nos-articles\/\">\u2190 Retour aux articles<\/a><\/div>\t\t<\/div>\n\t\t\t\t<\/div>\n\t\t\t\t<div class=\"elementor-element elementor-element-29a10b45 poli-text-sans poli-meta-text elementor-widget elementor-widget-text-editor\" data-id=\"29a10b45\" data-element_type=\"widget\" data-widget_type=\"text-editor.default\">\n\t\t\t\t<div class=\"elementor-widget-container\">\n\t\t\t\t\t\t\t<p>22 ao\u00fbt 2026<\/p>\t\t\t\t\t\t<\/div>\n\t\t\t\t<\/div>\n\t\t\t\t<\/div>\n\t\t<div class=\"elementor-element elementor-element-5f8a5c6e e-con-full e-flex e-con e-child\" data-id=\"5f8a5c6e\" data-element_type=\"container\" id=\"architecture\">\n\t\t\t\t<div class=\"elementor-element elementor-element-24f83f02 poli-text-serif poli-opening-lead elementor-drop-cap-yes elementor-drop-cap-view-default elementor-widget elementor-widget-text-editor\" data-id=\"24f83f02\" data-element_type=\"widget\" data-settings=\"{&quot;drop_cap&quot;:&quot;yes&quot;}\" data-widget_type=\"text-editor.default\">\n\t\t\t\t<div class=\"elementor-widget-container\">\n\t\t\t\t\t\t\t<p>Vivre au rythme du L\u00e9man. Depuis le s\u00e9jour, la perspective franchit les baies, traverse la terrasse, longe la piscine et se prolonge jusqu\u2019\u00e0 l\u2019autre rive. Quelques pas suffisent pour saisir le principe des Voiles : ici, l\u2019horizon organise la maison.<\/p>\t\t\t\t\t\t<\/div>\n\t\t\t\t<\/div>\n\t\t<div class=\"elementor-element elementor-element-7191f8dd e-con-full e-flex e-con e-child\" data-id=\"7191f8dd\" data-element_type=\"container\">\n\t\t<div class=\"elementor-element elementor-element-181bfb08 e-con-full e-flex e-con e-child\" data-id=\"181bfb08\" data-element_type=\"container\">\n\t\t\t\t<div class=\"elementor-element elementor-element-50a1ae3a poli-text-sans poli-body-copy elementor-widget elementor-widget-text-editor\" data-id=\"50a1ae3a\" data-element_type=\"widget\" data-widget_type=\"text-editor.default\">\n\t\t\t\t<div class=\"elementor-widget-container\">\n\t\t\t\t\t\t\t<p>Les espaces se succ\u00e8dent sans rupture franche. Le s\u00e9jour rejoint la terrasse, le jardin donne de la profondeur aux pi\u00e8ces du rez-de-chauss\u00e9e et la pergola \u00e9tire les usages vers l\u2019ext\u00e9rieur. Le plan s\u2019organise autour de ces continuit\u00e9s autant qu\u2019autour des pi\u00e8ces elles-m\u00eames.<\/p>\t\t\t\t\t\t<\/div>\n\t\t\t\t<\/div>\n\t\t\t\t<\/div>\n\t\t<div class=\"elementor-element elementor-element-69cfdbcf e-con-full e-flex e-con e-child\" data-id=\"69cfdbcf\" data-element_type=\"container\">\n\t\t\t\t<div class=\"elementor-element elementor-element-448e9235 poli-text-sans poli-body-copy elementor-widget elementor-widget-text-editor\" data-id=\"448e9235\" data-element_type=\"widget\" data-widget_type=\"text-editor.default\">\n\t\t\t\t<div class=\"elementor-widget-container\">\n\t\t\t\t\t\t\t<p>Un m\u00eame langage relie les trois appartements sans leur imposer un plan unique. Chacun poss\u00e8de ses propres volumes, ses ext\u00e9rieurs et sa mani\u00e8re d\u2019habiter le paysage. La r\u00e9sidence conserve son unit\u00e9 ; chaque \u00e9tage, son caract\u00e8re.<\/p>\t\t\t\t\t\t<\/div>\n\t\t\t\t<\/div>\n\t\t\t\t<\/div>\n\t\t\t\t<\/div>\n\t\t\t\t<\/div>\n\t\t\t\t\t<\/div>\n\t\t\t\t<\/div>\n\t\t<div class=\"elementor-element elementor-element-67c2eb18 e-flex e-con-boxed e-con e-parent\" data-id=\"67c2eb18\" data-element_type=\"container\" data-settings=\"{&quot;background_background&quot;:&quot;classic&quot;}\">\n\t\t\t\t\t<div class=\"e-con-inner\">\n\t\t<div class=\"elementor-element elementor-element-1bdb5e97 e-con-full e-flex e-con e-child\" data-id=\"1bdb5e97\" data-element_type=\"container\">\n\t\t<div class=\"elementor-element elementor-element-69db80e3 e-con-full e-flex e-con e-child\" data-id=\"69db80e3\" data-element_type=\"container\">\n\t\t\t\t<div class=\"elementor-element elementor-element-3817ed10 poli-sans poli-kicker elementor-widget elementor-widget-heading\" data-id=\"3817ed10\" data-element_type=\"widget\" data-widget_type=\"heading.default\">\n\t\t\t\t<div class=\"elementor-widget-container\">\n\t\t\t<div class=\"elementor-heading-title elementor-size-default\">Le paysage<\/div>\t\t<\/div>\n\t\t\t\t<\/div>\n\t\t\t\t<\/div>\n\t\t<div class=\"elementor-element elementor-element-36d38f27 e-con-full e-flex e-con e-child\" data-id=\"36d38f27\" data-element_type=\"container\">\n\t\t\t\t<div class=\"elementor-element elementor-element-4ca05507 poli-display poli-story-title elementor-widget elementor-widget-heading\" data-id=\"4ca05507\" data-element_type=\"widget\" data-widget_type=\"heading.default\">\n\t\t\t\t<div class=\"elementor-widget-container\">\n\t\t\t<h2 class=\"elementor-heading-title elementor-size-default\">Le L\u00e9man pour mati\u00e8re premi\u00e8re<\/h2>\t\t<\/div>\n\t\t\t\t<\/div>\n\t\t\t\t<div class=\"elementor-element elementor-element-6a5d5b62 poli-text-sans poli-body-copy elementor-widget elementor-widget-text-editor\" data-id=\"6a5d5b62\" data-element_type=\"widget\" data-widget_type=\"text-editor.default\">\n\t\t\t\t<div class=\"elementor-widget-container\">\n\t\t\t\t\t\t\t<p>La r\u00e9sidence s&#8217;installe \u00e0 quelques pas de l&#8217;eau. Cette proximit\u00e9 donne au projet sa profondeur et place le lac dans l&#8217;axe des pi\u00e8ces principales. Le paysage se d\u00e9couvre par plans successifs : l&#8217;int\u00e9rieur, le jardin ou la terrasse, la piscine, puis cette \u00e9tendue dont la couleur varie avec le ciel.<\/p>\n<p>Les baies accompagnent cette perspective sur toute sa longueur. Elles apportent au s\u00e9jour une lumi\u00e8re ample, ouvrent les chambres sur les ext\u00e9rieurs et donnent aux circulations une direction naturelle. Le L\u00e9man ne se r\u00e9sume jamais \u00e0 une fen\u00eatre bien plac\u00e9e ; sa pr\u00e9sence se lit dans l\u2019organisation m\u00eame des appartements sup\u00e9rieurs.<\/p>\t\t\t\t\t\t<\/div>\n\t\t\t\t<\/div>\n\t\t\t\t<\/div>\n\t\t\t\t<\/div>\n\t\t\t\t\t<\/div>\n\t\t\t\t<\/div>\n\t\t<div class=\"elementor-element elementor-element-5aa44477 e-flex e-con-boxed e-con e-parent\" data-id=\"5aa44477\" data-element_type=\"container\" data-settings=\"{&quot;background_background&quot;:&quot;classic&quot;}\">\n\t\t\t\t\t<div class=\"e-con-inner\">\n\t\t<div class=\"elementor-element elementor-element-1a34fc01 e-flex e-con-boxed e-con e-child\" data-id=\"1a34fc01\" data-element_type=\"container\" data-settings=\"{&quot;background_background&quot;:&quot;classic&quot;}\">\n\t\t\t\t\t<div class=\"e-con-inner\">\n\t\t\t\t<div class=\"elementor-element elementor-element-2e3ca5ff elementor-widget elementor-widget-image\" data-id=\"2e3ca5ff\" data-element_type=\"widget\" data-widget_type=\"image.default\">\n\t\t\t\t<div class=\"elementor-widget-container\">\n\t\t\t\t\t\t\t\t\t\t\t\t\t<img loading=\"lazy\" decoding=\"async\" width=\"2000\" height=\"1500\" src=\"https:\/\/poli-real-estate.ch\/wp-content\/uploads\/2026\/08\/e77dcf_a41fd5f535794b60a28094a387386505mv2-5-27.jpg\" class=\"attachment-full size-full wp-image-398698\" alt=\"\" srcset=\"https:\/\/poli-real-estate.ch\/wp-content\/uploads\/2026\/08\/e77dcf_a41fd5f535794b60a28094a387386505mv2-5-27.jpg 2000w, https:\/\/poli-real-estate.ch\/wp-content\/uploads\/2026\/08\/e77dcf_a41fd5f535794b60a28094a387386505mv2-5-27-300x225.jpg 300w, https:\/\/poli-real-estate.ch\/wp-content\/uploads\/2026\/08\/e77dcf_a41fd5f535794b60a28094a387386505mv2-5-27-1024x768.jpg 1024w, https:\/\/poli-real-estate.ch\/wp-content\/uploads\/2026\/08\/e77dcf_a41fd5f535794b60a28094a387386505mv2-5-27-768x576.jpg 768w, https:\/\/poli-real-estate.ch\/wp-content\/uploads\/2026\/08\/e77dcf_a41fd5f535794b60a28094a387386505mv2-5-27-1536x1152.jpg 1536w\" sizes=\"(max-width: 2000px) 100vw, 2000px\" \/>\t\t\t\t\t\t\t\t\t\t\t\t\t<\/div>\n\t\t\t\t<\/div>\n\t\t<div class=\"elementor-element elementor-element-4a0e0bc2 e-con-full e-flex e-con e-child\" data-id=\"4a0e0bc2\" data-element_type=\"container\">\n\t\t\t\t<div class=\"elementor-element elementor-element-39c57840 poli-text-sans poli-caption-text poli-caption-main elementor-widget elementor-widget-text-editor\" data-id=\"39c57840\" data-element_type=\"widget\" data-widget_type=\"text-editor.default\">\n\t\t\t\t<div class=\"elementor-widget-container\">\n\t\t\t\t\t\t\t<p>Le projet place les espaces de vie dans la profondeur du paysage.<\/p>\t\t\t\t\t\t<\/div>\n\t\t\t\t<\/div>\n\t\t\t\t<div class=\"elementor-element elementor-element-1d8ca249 poli-text-sans poli-caption-text poli-caption-credit elementor-widget elementor-widget-text-editor\" data-id=\"1d8ca249\" data-element_type=\"widget\" data-widget_type=\"text-editor.default\">\n\t\t\t\t<div class=\"elementor-widget-container\">\n\t\t\t\t\t\t\t<p>R\u00e9sidence Les Voiles<\/p>\t\t\t\t\t\t<\/div>\n\t\t\t\t<\/div>\n\t\t\t\t<\/div>\n\t\t\t\t\t<\/div>\n\t\t\t\t<\/div>\n\t\t\t\t\t<\/div>\n\t\t\t\t<\/div>\n\t\t<div class=\"elementor-element elementor-element-3028a606 e-flex e-con-boxed e-con e-parent\" data-id=\"3028a606\" data-element_type=\"container\" data-settings=\"{&quot;background_background&quot;:&quot;classic&quot;}\">\n\t\t\t\t\t<div class=\"e-con-inner\">\n\t\t<div class=\"elementor-element elementor-element-6b08eb66 e-con-full e-flex e-con e-child\" data-id=\"6b08eb66\" data-element_type=\"container\">\n\t\t\t\t<div class=\"elementor-element elementor-element-fe153e8 poli-display poli-quote-primary elementor-widget elementor-widget-heading\" data-id=\"fe153e8\" data-element_type=\"widget\" data-widget_type=\"heading.default\">\n\t\t\t\t<div class=\"elementor-widget-container\">\n\t\t\t<div class=\"elementor-heading-title elementor-size-default\">Un \u00e9crin d\u2019exception.<\/div>\t\t<\/div>\n\t\t\t\t<\/div>\n\t\t\t\t<div class=\"elementor-element elementor-element-3dd71926 poli-display poli-quote-highlight elementor-widget elementor-widget-heading\" data-id=\"3dd71926\" data-element_type=\"widget\" data-widget_type=\"heading.default\">\n\t\t\t\t<div class=\"elementor-widget-container\">\n\t\t\t<div class=\"elementor-heading-title elementor-size-default\">Le L\u00e9man pour horizon.<\/div>\t\t<\/div>\n\t\t\t\t<\/div>\n\t\t\t\t<div class=\"elementor-element elementor-element-1d73b7dc poli-text-sans poli-quote-cite elementor-widget elementor-widget-text-editor\" data-id=\"1d73b7dc\" data-element_type=\"widget\" data-widget_type=\"text-editor.default\">\n\t\t\t\t<div class=\"elementor-widget-container\">\n\t\t\t\t\t\t\t<p>R\u00e9sidence Les Voiles<\/p>\t\t\t\t\t\t<\/div>\n\t\t\t\t<\/div>\n\t\t\t\t<\/div>\n\t\t\t\t\t<\/div>\n\t\t\t\t<\/div>\n\t\t<div class=\"elementor-element elementor-element-7165a523 e-flex e-con-boxed e-con e-parent\" data-id=\"7165a523\" data-element_type=\"container\" data-settings=\"{&quot;background_background&quot;:&quot;classic&quot;}\">\n\t\t\t\t\t<div class=\"e-con-inner\">\n\t\t<div class=\"elementor-element elementor-element-3d74cbdf e-con-full e-flex e-con e-child\" data-id=\"3d74cbdf\" data-element_type=\"container\">\n\t\t<div class=\"elementor-element elementor-element-2dcbc46a e-con-full e-flex e-con e-child\" data-id=\"2dcbc46a\" data-element_type=\"container\">\n\t\t\t\t<div class=\"elementor-element elementor-element-51dad57 poli-sans poli-kicker elementor-widget elementor-widget-heading\" data-id=\"51dad57\" data-element_type=\"widget\" data-widget_type=\"heading.default\">\n\t\t\t\t<div class=\"elementor-widget-container\">\n\t\t\t<div class=\"elementor-heading-title elementor-size-default\">La signature<\/div>\t\t<\/div>\n\t\t\t\t<\/div>\n\t\t\t\t<\/div>\n\t\t<div class=\"elementor-element elementor-element-790a5d75 e-con-full e-flex e-con e-child\" data-id=\"790a5d75\" data-element_type=\"container\">\n\t\t\t\t<div class=\"elementor-element elementor-element-dd12b3d poli-display poli-story-title elementor-widget elementor-widget-heading\" data-id=\"dd12b3d\" data-element_type=\"widget\" data-widget_type=\"heading.default\">\n\t\t\t\t<div class=\"elementor-widget-container\">\n\t\t\t<h2 class=\"elementor-heading-title elementor-size-default\">Sous les voiles<\/h2>\t\t<\/div>\n\t\t\t\t<\/div>\n\t\t\t\t<div class=\"elementor-element elementor-element-45401394 poli-text-sans poli-body-copy elementor-widget elementor-widget-text-editor\" data-id=\"45401394\" data-element_type=\"widget\" data-widget_type=\"text-editor.default\">\n\t\t\t\t<div class=\"elementor-widget-container\">\n\t\t\t\t\t\t\t<p>La signature des Voiles appara\u00eet autour de la pergola et de la piscine. De grandes toiles triangulaires se tendent au-dessus de la terrasse, dessinent une ligne l\u00e9g\u00e8re dans le ciel et abritent les heures les plus lumineuses de la journ\u00e9e.<\/p><p>Leur g\u00e9om\u00e9trie r\u00e9pond aux lignes nettes de la r\u00e9sidence tout en introduisant un mouvement plus souple. Au fil du soleil, leurs ombres glissent sur le sol et modifient la perception de cet espace ext\u00e9rieur, tour \u00e0 tour salon d\u2019\u00e9t\u00e9, salle \u00e0 manger ou bord de piscine.<\/p><p>C\u2019est ici que le projet tient son nom. Les voiles appartiennent pleinement \u00e0 l\u2019architecture : elles donnent une identit\u00e9 au lieu et accompagnent la vie tourn\u00e9e vers le lac.<\/p>\t\t\t\t\t\t<\/div>\n\t\t\t\t<\/div>\n\t\t\t\t<\/div>\n\t\t\t\t<\/div>\n\t\t\t\t\t<\/div>\n\t\t\t\t<\/div>\n\t\t<div class=\"elementor-element elementor-element-23eda8e6 e-flex e-con-boxed e-con e-parent\" data-id=\"23eda8e6\" data-element_type=\"container\" data-settings=\"{&quot;background_background&quot;:&quot;classic&quot;}\">\n\t\t\t\t\t<div class=\"e-con-inner\">\n\t\t<div class=\"elementor-element elementor-element-361d7e67 e-con-full e-flex e-con e-child\" data-id=\"361d7e67\" data-element_type=\"container\">\n\t\t<div class=\"elementor-element elementor-element-362e166c e-con-full e-flex e-con e-child\" data-id=\"362e166c\" data-element_type=\"container\">\n\t\t\t\t<div class=\"elementor-element elementor-element-754a9e98 elementor-widget elementor-widget-image\" data-id=\"754a9e98\" data-element_type=\"widget\" data-widget_type=\"image.default\">\n\t\t\t\t<div class=\"elementor-widget-container\">\n\t\t\t\t\t\t\t\t\t\t\t\t\t<img loading=\"lazy\" decoding=\"async\" width=\"2560\" height=\"1919\" src=\"https:\/\/poli-real-estate.ch\/wp-content\/uploads\/2026\/08\/CP3_PA2_cam02_4K-2-scaled.jpg\" class=\"attachment-full size-full wp-image-398721\" alt=\"\" srcset=\"https:\/\/poli-real-estate.ch\/wp-content\/uploads\/2026\/08\/CP3_PA2_cam02_4K-2-scaled.jpg 2560w, https:\/\/poli-real-estate.ch\/wp-content\/uploads\/2026\/08\/CP3_PA2_cam02_4K-2-300x225.jpg 300w, https:\/\/poli-real-estate.ch\/wp-content\/uploads\/2026\/08\/CP3_PA2_cam02_4K-2-1024x767.jpg 1024w, https:\/\/poli-real-estate.ch\/wp-content\/uploads\/2026\/08\/CP3_PA2_cam02_4K-2-768x576.jpg 768w, https:\/\/poli-real-estate.ch\/wp-content\/uploads\/2026\/08\/CP3_PA2_cam02_4K-2-1536x1151.jpg 1536w, https:\/\/poli-real-estate.ch\/wp-content\/uploads\/2026\/08\/CP3_PA2_cam02_4K-2-2048x1535.jpg 2048w\" sizes=\"(max-width: 2560px) 100vw, 2560px\" \/>\t\t\t\t\t\t\t\t\t\t\t\t\t<\/div>\n\t\t\t\t<\/div>\n\t\t<div class=\"elementor-element elementor-element-3465f2f0 e-con-full e-flex e-con e-child\" data-id=\"3465f2f0\" data-element_type=\"container\">\n\t\t\t\t<div class=\"elementor-element elementor-element-26f5f6d poli-text-sans poli-caption-text poli-caption-main elementor-widget elementor-widget-text-editor\" data-id=\"26f5f6d\" data-element_type=\"widget\" data-widget_type=\"text-editor.default\">\n\t\t\t\t<div class=\"elementor-widget-container\">\n\t\t\t\t\t\t\t<p>La R\u00e9sidence Les Voiles est id\u00e9alement situ\u00e9e \u00e0 proximit\u00e9 du lac.<\/p>\t\t\t\t\t\t<\/div>\n\t\t\t\t<\/div>\n\t\t\t\t<div class=\"elementor-element elementor-element-4b98635a poli-text-sans poli-caption-text poli-caption-credit elementor-widget elementor-widget-text-editor\" data-id=\"4b98635a\" data-element_type=\"widget\" data-widget_type=\"text-editor.default\">\n\t\t\t\t<div class=\"elementor-widget-container\">\n\t\t\t\t\t\t\t<p>R\u00e9sidence Les Voiles<\/p>\t\t\t\t\t\t<\/div>\n\t\t\t\t<\/div>\n\t\t\t\t<\/div>\n\t\t\t\t<\/div>\n\t\t<div class=\"elementor-element elementor-element-4fd489d7 e-con-full e-flex e-con e-child\" data-id=\"4fd489d7\" data-element_type=\"container\">\n\t\t\t\t<div class=\"elementor-element elementor-element-2dbb37f9 elementor-widget elementor-widget-image\" data-id=\"2dbb37f9\" data-element_type=\"widget\" data-widget_type=\"image.default\">\n\t\t\t\t<div class=\"elementor-widget-container\">\n\t\t\t\t\t\t\t\t\t\t\t\t\t<img loading=\"lazy\" decoding=\"async\" width=\"2000\" height=\"1125\" src=\"https:\/\/poli-real-estate.ch\/wp-content\/uploads\/2026\/08\/4f1333_f7185a1e83e5486089112fb8e2efa295mv2-5-34.jpg\" class=\"attachment-full size-full wp-image-398702\" alt=\"\" srcset=\"https:\/\/poli-real-estate.ch\/wp-content\/uploads\/2026\/08\/4f1333_f7185a1e83e5486089112fb8e2efa295mv2-5-34.jpg 2000w, https:\/\/poli-real-estate.ch\/wp-content\/uploads\/2026\/08\/4f1333_f7185a1e83e5486089112fb8e2efa295mv2-5-34-300x169.jpg 300w, https:\/\/poli-real-estate.ch\/wp-content\/uploads\/2026\/08\/4f1333_f7185a1e83e5486089112fb8e2efa295mv2-5-34-1024x576.jpg 1024w, https:\/\/poli-real-estate.ch\/wp-content\/uploads\/2026\/08\/4f1333_f7185a1e83e5486089112fb8e2efa295mv2-5-34-768x432.jpg 768w, https:\/\/poli-real-estate.ch\/wp-content\/uploads\/2026\/08\/4f1333_f7185a1e83e5486089112fb8e2efa295mv2-5-34-1536x864.jpg 1536w\" sizes=\"(max-width: 2000px) 100vw, 2000px\" \/>\t\t\t\t\t\t\t\t\t\t\t\t\t<\/div>\n\t\t\t\t<\/div>\n\t\t<div class=\"elementor-element elementor-element-78209683 e-con-full e-flex e-con e-child\" data-id=\"78209683\" data-element_type=\"container\">\n\t\t\t\t<div class=\"elementor-element elementor-element-4591e66b poli-text-sans poli-caption-text poli-caption-main elementor-widget elementor-widget-text-editor\" data-id=\"4591e66b\" data-element_type=\"widget\" data-widget_type=\"text-editor.default\">\n\t\t\t\t<div class=\"elementor-widget-container\">\n\t\t\t\t\t\t\t<p>Au-dessus de la terrasse, les voiles dessinent l\u2019ombre et signent le projet.<\/p>\t\t\t\t\t\t<\/div>\n\t\t\t\t<\/div>\n\t\t\t\t<div class=\"elementor-element elementor-element-7a063cb4 poli-text-sans poli-caption-text poli-caption-credit elementor-widget elementor-widget-text-editor\" data-id=\"7a063cb4\" data-element_type=\"widget\" data-widget_type=\"text-editor.default\">\n\t\t\t\t<div class=\"elementor-widget-container\">\n\t\t\t\t\t\t\t<p>R\u00e9sidence Les Voiles<\/p>\t\t\t\t\t\t<\/div>\n\t\t\t\t<\/div>\n\t\t\t\t<\/div>\n\t\t\t\t<\/div>\n\t\t\t\t<\/div>\n\t\t\t\t\t<\/div>\n\t\t\t\t<\/div>\n\t\t<div class=\"elementor-element elementor-element-1054c5c4 e-flex e-con-boxed e-con e-parent\" data-id=\"1054c5c4\" data-element_type=\"container\" data-settings=\"{&quot;background_background&quot;:&quot;classic&quot;}\">\n\t\t\t\t\t<div class=\"e-con-inner\">\n\t\t<div class=\"elementor-element elementor-element-23bde2a e-con-full e-flex e-con e-child\" data-id=\"23bde2a\" data-element_type=\"container\" id=\"art-de-vivre\">\n\t\t<div class=\"elementor-element elementor-element-f076e22 e-con-full e-flex e-con e-child\" data-id=\"f076e22\" data-element_type=\"container\">\n\t\t\t\t<div class=\"elementor-element elementor-element-288179b1 poli-sans poli-kicker elementor-widget elementor-widget-heading\" data-id=\"288179b1\" data-element_type=\"widget\" data-widget_type=\"heading.default\">\n\t\t\t\t<div class=\"elementor-widget-container\">\n\t\t\t<div class=\"elementor-heading-title elementor-size-default\">Le rez-de-chauss\u00e9e<\/div>\t\t<\/div>\n\t\t\t\t<\/div>\n\t\t\t\t<\/div>\n\t\t<div class=\"elementor-element elementor-element-1e292783 e-con-full e-flex e-con e-child\" data-id=\"1e292783\" data-element_type=\"container\">\n\t\t\t\t<div class=\"elementor-element elementor-element-14b4a6a1 poli-display poli-story-title elementor-widget elementor-widget-heading\" data-id=\"14b4a6a1\" data-element_type=\"widget\" data-widget_type=\"heading.default\">\n\t\t\t\t<div class=\"elementor-widget-container\">\n\t\t\t<h2 class=\"elementor-heading-title elementor-size-default\">Le go\u00fbt des belles proportions<\/h2>\t\t<\/div>\n\t\t\t\t<\/div>\n\t\t\t\t<div class=\"elementor-element elementor-element-577c2bf poli-text-sans poli-body-copy elementor-widget elementor-widget-text-editor\" data-id=\"577c2bf\" data-element_type=\"widget\" data-widget_type=\"text-editor.default\">\n\t\t\t\t<div class=\"elementor-widget-container\">\n\t\t\t\t\t\t\t<p>L\u2019appartement du rez-de-chauss\u00e9e est accessible directement depuis le garage par l\u2019ascenseur. \u00c0 l\u2019arriv\u00e9e, la cuisine et le s\u00e9jour d\u00e9ploient plus de 70 m\u00b2 face aux ext\u00e9rieurs. Les fonctions trouvent naturellement leur place dans ce grand volume, sans interrompre la perspective qui m\u00e8ne au jardin.<\/p><p>Un studio ind\u00e9pendant d\u2019environ 45 m\u00b2, prolong\u00e9 par sa propre terrasse et son jardin, compl\u00e8te l\u2019appartement. Il peut accueillir des proches, devenir un espace de travail ou offrir une v\u00e9ritable autonomie au sein de la famille, tout en restant reli\u00e9 \u00e0 la r\u00e9sidence principale.<\/p><p>La suite de plus de 30 m\u00b2 s\u2019ouvre directement sur la pergola et la piscine. Chaque chambre dispose de sa salle de bains et de son dressing. La distribution \u00e9vite les espaces partag\u00e9s par n\u00e9cessit\u00e9 et donne \u00e0 chacun une v\u00e9ritable autonomie.<\/p><p>Au sous-sol, une pi\u00e8ce suppl\u00e9mentaire de plus de 70 m\u00b2 b\u00e9n\u00e9ficie d&#8217;une luminosit\u00e9 naturelle gr\u00e2ce \u00e0 une solution innovante permettant de r\u00e9fl\u00e9chir la lumi\u00e8re de l&#8217;ext\u00e9rieur.<\/p><p>\u00a0<\/p>\t\t\t\t\t\t<\/div>\n\t\t\t\t<\/div>\n\t\t\t\t<div class=\"elementor-element elementor-element-4aa417e lv-button lv-text-link lv-dark-link elementor-align-center elementor-widget elementor-widget-button\" data-id=\"4aa417e\" data-element_type=\"widget\" data-widget_type=\"button.default\">\n\t\t\t\t<div class=\"elementor-widget-container\">\n\t\t\t\t\t<div class=\"elementor-button-wrapper\">\n\t\t\t<a class=\"elementor-button elementor-button-link elementor-size-sm\" href=\"https:\/\/poli-real-estate.ch\/annonces\/a-vendre-paudex-residence-les-voiles-sur-les-rives-du-leman\/\">\n\t\t\t\t\t\t<span class=\"elementor-button-content-wrapper\">\n\t\t\t\t\t\t\t\t\t<span class=\"elementor-button-text\">D\u00e9couvrir cet appartement \u2197<\/span>\n\t\t\t\t\t<\/span>\n\t\t\t\t\t<\/a>\n\t\t<\/div>\n\t\t\t\t<\/div>\n\t\t\t\t<\/div>\n\t\t\t\t<\/div>\n\t\t\t\t<\/div>\n\t\t\t\t\t<\/div>\n\t\t\t\t<\/div>\n\t\t<div class=\"elementor-element elementor-element-7fcd24c1 e-flex e-con-boxed e-con e-parent\" data-id=\"7fcd24c1\" data-element_type=\"container\" data-settings=\"{&quot;background_background&quot;:&quot;classic&quot;}\">\n\t\t\t\t\t<div class=\"e-con-inner\">\n\t\t\t\t<div class=\"elementor-element elementor-element-22304fd5 elementor-widget elementor-widget-image\" data-id=\"22304fd5\" data-element_type=\"widget\" data-widget_type=\"image.default\">\n\t\t\t\t<div class=\"elementor-widget-container\">\n\t\t\t\t\t\t\t\t\t\t\t\t\t<img loading=\"lazy\" decoding=\"async\" width=\"2560\" height=\"1440\" src=\"https:\/\/poli-real-estate.ch\/wp-content\/uploads\/2026\/08\/CP3_PA2_cam04_4K-scaled.jpg\" class=\"attachment-full size-full wp-image-398715\" alt=\"\" srcset=\"https:\/\/poli-real-estate.ch\/wp-content\/uploads\/2026\/08\/CP3_PA2_cam04_4K-scaled.jpg 2560w, https:\/\/poli-real-estate.ch\/wp-content\/uploads\/2026\/08\/CP3_PA2_cam04_4K-300x169.jpg 300w, https:\/\/poli-real-estate.ch\/wp-content\/uploads\/2026\/08\/CP3_PA2_cam04_4K-1024x576.jpg 1024w, https:\/\/poli-real-estate.ch\/wp-content\/uploads\/2026\/08\/CP3_PA2_cam04_4K-768x432.jpg 768w, https:\/\/poli-real-estate.ch\/wp-content\/uploads\/2026\/08\/CP3_PA2_cam04_4K-1536x864.jpg 1536w, https:\/\/poli-real-estate.ch\/wp-content\/uploads\/2026\/08\/CP3_PA2_cam04_4K-2048x1152.jpg 2048w\" sizes=\"(max-width: 2560px) 100vw, 2560px\" \/>\t\t\t\t\t\t\t\t\t\t\t\t\t<\/div>\n\t\t\t\t<\/div>\n\t\t<div class=\"elementor-element elementor-element-7ff6a8a e-con-full e-flex e-con e-child\" data-id=\"7ff6a8a\" data-element_type=\"container\">\n\t\t\t\t<div class=\"elementor-element elementor-element-4e325a4a poli-text-sans poli-caption-text poli-caption-main elementor-widget elementor-widget-text-editor\" data-id=\"4e325a4a\" data-element_type=\"widget\" data-widget_type=\"text-editor.default\">\n\t\t\t\t<div class=\"elementor-widget-container\">\n\t\t\t\t\t\t\t<p>Depuis les pi\u00e8ces de vie, le regard traverse l\u2019appartement et rejoint le jardin.<\/p>\t\t\t\t\t\t<\/div>\n\t\t\t\t<\/div>\n\t\t\t\t<div class=\"elementor-element elementor-element-2238e907 poli-text-sans poli-caption-text poli-caption-credit elementor-widget elementor-widget-text-editor\" data-id=\"2238e907\" data-element_type=\"widget\" data-widget_type=\"text-editor.default\">\n\t\t\t\t<div class=\"elementor-widget-container\">\n\t\t\t\t\t\t\t<p>R\u00e9sidence Les Voiles<\/p>\t\t\t\t\t\t<\/div>\n\t\t\t\t<\/div>\n\t\t\t\t<\/div>\n\t\t\t\t\t<\/div>\n\t\t\t\t<\/div>\n\t\t<div class=\"elementor-element elementor-element-e66715e e-flex e-con-boxed e-con e-parent\" data-id=\"e66715e\" data-element_type=\"container\" data-settings=\"{&quot;background_background&quot;:&quot;classic&quot;}\">\n\t\t\t\t\t<div class=\"e-con-inner\">\n\t\t<div class=\"elementor-element elementor-element-a68003f e-con-full e-flex e-con e-child\" data-id=\"a68003f\" data-element_type=\"container\">\n\t\t<div class=\"elementor-element elementor-element-d500b36 e-con-full e-flex e-con e-child\" data-id=\"d500b36\" data-element_type=\"container\">\n\t\t\t\t<div class=\"elementor-element elementor-element-19db7de poli-sans poli-kicker elementor-widget elementor-widget-heading\" data-id=\"19db7de\" data-element_type=\"widget\" data-widget_type=\"heading.default\">\n\t\t\t\t<div class=\"elementor-widget-container\">\n\t\t\t<div class=\"elementor-heading-title elementor-size-default\">Le premier \u00e9tage<\/div>\t\t<\/div>\n\t\t\t\t<\/div>\n\t\t\t\t<\/div>\n\t\t<div class=\"elementor-element elementor-element-208278b e-con-full e-flex e-con e-child\" data-id=\"208278b\" data-element_type=\"container\">\n\t\t\t\t<div class=\"elementor-element elementor-element-14eb94b poli-display poli-story-title elementor-widget elementor-widget-heading\" data-id=\"14eb94b\" data-element_type=\"widget\" data-widget_type=\"heading.default\">\n\t\t\t\t<div class=\"elementor-widget-container\">\n\t\t\t<h2 class=\"elementor-heading-title elementor-size-default\">Une relation directe avec le paysage.<\/h2>\t\t<\/div>\n\t\t\t\t<\/div>\n\t\t\t\t<div class=\"elementor-element elementor-element-9740d84 poli-text-sans poli-body-copy elementor-widget elementor-widget-text-editor\" data-id=\"9740d84\" data-element_type=\"widget\" data-widget_type=\"text-editor.default\">\n\t\t\t\t<div class=\"elementor-widget-container\">\n\t\t\t\t\t\t\t<p>D\u00e8s l\u2019ouverture de l\u2019ascenseur, l\u2019appartement affirme ses volumes : plus de 220 m\u00b2 PPE, organis\u00e9s autour d\u2019un espace de r\u00e9ception de pr\u00e8s de 60 m\u00b2. S\u00e9jour, salle \u00e0 manger et cuisine s\u2019y succ\u00e8dent avec fluidit\u00e9, dans un cadre pens\u00e9 aussi bien pour le quotidien que pour recevoir. Orient\u00e9 plein sud, le balcon en devient le prolongement naturel.<\/p><p>Plus intime, la partie nuit r\u00e9unit trois grandes chambres, chacune avec sa propre salle de bain. La suite principale se distingue par un dressing de 13 m\u00b2, con\u00e7u comme une v\u00e9ritable pi\u00e8ce \u00e0 part enti\u00e8re.<\/p><p>La terrasse d\u00e9ploy\u00e9e sur deux niveaux change encore l\u2019\u00e9chelle du lieu. Avec sa pergola, elle accueille les d\u00e9jeuners qui se prolongent, les apr\u00e8s-midi d\u2019\u00e9t\u00e9 et les soir\u00e9es \u00e0 ciel ouvert. Une piscine peut y \u00eatre install\u00e9e en option, sous la grande voile triangulaire qui incarne la signature architecturale de la r\u00e9sidence.<\/p><p>En sous-sol, trois places de parc accessibles par ascenseur monte-voiture compl\u00e8tent un appartement o\u00f9 chaque espace a \u00e9t\u00e9 pens\u00e9 pour conjuguer libert\u00e9 de mouvement, intimit\u00e9 et art de recevoir.<\/p>\t\t\t\t\t\t<\/div>\n\t\t\t\t<\/div>\n\t\t<div class=\"elementor-element elementor-element-1ce9567 e-flex e-con-boxed e-con e-child\" data-id=\"1ce9567\" data-element_type=\"container\">\n\t\t\t\t\t<div class=\"e-con-inner\">\n\t\t\t\t<div class=\"elementor-element elementor-element-b6760c5 lv-button lv-text-link lv-dark-link elementor-align-center elementor-widget elementor-widget-button\" data-id=\"b6760c5\" data-element_type=\"widget\" data-widget_type=\"button.default\">\n\t\t\t\t<div class=\"elementor-widget-container\">\n\t\t\t\t\t<div class=\"elementor-button-wrapper\">\n\t\t\t<a class=\"elementor-button elementor-button-link elementor-size-sm\" href=\"https:\/\/poli-real-estate.ch\/annonces\/a-vendre-paudex-residence-les-voiles-a-deux-pas-de-leau\/\">\n\t\t\t\t\t\t<span class=\"elementor-button-content-wrapper\">\n\t\t\t\t\t\t\t\t\t<span class=\"elementor-button-text\">D\u00e9couvrir cet appartement \u2197<\/span>\n\t\t\t\t\t<\/span>\n\t\t\t\t\t<\/a>\n\t\t<\/div>\n\t\t\t\t<\/div>\n\t\t\t\t<\/div>\n\t\t\t\t\t<\/div>\n\t\t\t\t<\/div>\n\t\t\t\t<\/div>\n\t\t\t\t<\/div>\n\t\t\t\t\t<\/div>\n\t\t\t\t<\/div>\n\t\t<div class=\"elementor-element elementor-element-628e97c e-flex e-con-boxed e-con e-parent\" data-id=\"628e97c\" data-element_type=\"container\" data-settings=\"{&quot;background_background&quot;:&quot;classic&quot;}\">\n\t\t\t\t\t<div class=\"e-con-inner\">\n\t\t\t\t<div class=\"elementor-element elementor-element-883da59 elementor-widget elementor-widget-image\" data-id=\"883da59\" data-element_type=\"widget\" data-widget_type=\"image.default\">\n\t\t\t\t<div class=\"elementor-widget-container\">\n\t\t\t\t\t\t\t\t\t\t\t\t\t<img loading=\"lazy\" decoding=\"async\" width=\"1600\" height=\"900\" src=\"https:\/\/poli-real-estate.ch\/wp-content\/uploads\/2026\/08\/4f1333_9282c21fd15b4373b9e4477cc34b55f7mv2-5-27.jpg\" class=\"attachment-full size-full wp-image-398704\" alt=\"\" srcset=\"https:\/\/poli-real-estate.ch\/wp-content\/uploads\/2026\/08\/4f1333_9282c21fd15b4373b9e4477cc34b55f7mv2-5-27.jpg 1600w, https:\/\/poli-real-estate.ch\/wp-content\/uploads\/2026\/08\/4f1333_9282c21fd15b4373b9e4477cc34b55f7mv2-5-27-300x169.jpg 300w, https:\/\/poli-real-estate.ch\/wp-content\/uploads\/2026\/08\/4f1333_9282c21fd15b4373b9e4477cc34b55f7mv2-5-27-1024x576.jpg 1024w, https:\/\/poli-real-estate.ch\/wp-content\/uploads\/2026\/08\/4f1333_9282c21fd15b4373b9e4477cc34b55f7mv2-5-27-768x432.jpg 768w, https:\/\/poli-real-estate.ch\/wp-content\/uploads\/2026\/08\/4f1333_9282c21fd15b4373b9e4477cc34b55f7mv2-5-27-1536x864.jpg 1536w\" sizes=\"(max-width: 1600px) 100vw, 1600px\" \/>\t\t\t\t\t\t\t\t\t\t\t\t\t<\/div>\n\t\t\t\t<\/div>\n\t\t<div class=\"elementor-element elementor-element-98b2251 e-con-full e-flex e-con e-child\" data-id=\"98b2251\" data-element_type=\"container\">\n\t\t\t\t<div class=\"elementor-element elementor-element-487dc3c poli-text-sans poli-caption-text poli-caption-main elementor-widget elementor-widget-text-editor\" data-id=\"487dc3c\" data-element_type=\"widget\" data-widget_type=\"text-editor.default\">\n\t\t\t\t<div class=\"elementor-widget-container\">\n\t\t\t\t\t\t\t<p>A chaque saison sa carte postale<\/p>\t\t\t\t\t\t<\/div>\n\t\t\t\t<\/div>\n\t\t\t\t<div class=\"elementor-element elementor-element-13b0509 poli-text-sans poli-caption-text poli-caption-credit elementor-widget elementor-widget-text-editor\" data-id=\"13b0509\" data-element_type=\"widget\" data-widget_type=\"text-editor.default\">\n\t\t\t\t<div class=\"elementor-widget-container\">\n\t\t\t\t\t\t\t<p>R\u00e9sidence Les Voiles<\/p>\t\t\t\t\t\t<\/div>\n\t\t\t\t<\/div>\n\t\t\t\t<\/div>\n\t\t\t\t\t<\/div>\n\t\t\t\t<\/div>\n\t\t<div class=\"elementor-element elementor-element-d479301 e-flex e-con-boxed e-con e-parent\" data-id=\"d479301\" data-element_type=\"container\" data-settings=\"{&quot;background_background&quot;:&quot;classic&quot;}\">\n\t\t\t\t\t<div class=\"e-con-inner\">\n\t\t<div class=\"elementor-element elementor-element-c5d3806 e-con-full e-flex e-con e-child\" data-id=\"c5d3806\" data-element_type=\"container\">\n\t\t<div class=\"elementor-element elementor-element-dc900c9 e-con-full e-flex e-con e-child\" data-id=\"dc900c9\" data-element_type=\"container\">\n\t\t\t\t<div class=\"elementor-element elementor-element-dd7708e poli-sans poli-kicker elementor-widget elementor-widget-heading\" data-id=\"dd7708e\" data-element_type=\"widget\" data-widget_type=\"heading.default\">\n\t\t\t\t<div class=\"elementor-widget-container\">\n\t\t\t<div class=\"elementor-heading-title elementor-size-default\">Le Duplex<\/div>\t\t<\/div>\n\t\t\t\t<\/div>\n\t\t\t\t<\/div>\n\t\t<div class=\"elementor-element elementor-element-ae02f36 e-con-full e-flex e-con e-child\" data-id=\"ae02f36\" data-element_type=\"container\">\n\t\t\t\t<div class=\"elementor-element elementor-element-f6539ff poli-display poli-story-title elementor-widget elementor-widget-heading\" data-id=\"f6539ff\" data-element_type=\"widget\" data-widget_type=\"heading.default\">\n\t\t\t\t<div class=\"elementor-widget-container\">\n\t\t\t<h2 class=\"elementor-heading-title elementor-size-default\">La lumi\u00e8re pour fil conducteur.<\/h2>\t\t<\/div>\n\t\t\t\t<\/div>\n\t\t\t\t<div class=\"elementor-element elementor-element-96b4364 poli-text-sans poli-body-copy elementor-widget elementor-widget-text-editor\" data-id=\"96b4364\" data-element_type=\"widget\" data-widget_type=\"text-editor.default\">\n\t\t\t\t<div class=\"elementor-widget-container\">\n\t\t\t\t\t\t\t<p>Le lac accompagne ce duplex de 3,5 pi\u00e8ces d\u2019un \u00e9tage \u00e0 l\u2019autre. Depuis le balcon tourn\u00e9 vers le port de Paudex jusqu\u2019\u00e0 la terrasse en toiture, les vues d\u00e9gag\u00e9es installent une relation privil\u00e9gi\u00e9e avec le L\u00e9man et ses environs.<\/p><p>Le s\u00e9jour spacieux accueille les moments de d\u00e9tente, tandis que la cuisine ouverte sur la salle \u00e0 manger invite naturellement \u00e0 recevoir. Deux chambres et une pi\u00e8ce suppl\u00e9mentaire \u00e0 l\u2019\u00e9tage composent les espaces plus intimes, chaque niveau disposant de sa propre salle de bain.<\/p><p>\u00c0 l\u2019abri des regards, la grande terrasse en toiture forme un v\u00e9ritable \u00e9tage \u00e0 ciel ouvert. Une pergola et une piscine propos\u00e9e en option y prennent place sous la grande voile triangulaire qui signe l\u2019identit\u00e9 architecturale du projet.<\/p><p>Directement desservi par ascenseur, l\u2019appartement b\u00e9n\u00e9ficie \u00e9galement de deux places de parc en sous-sol, accessibles par monte-voiture.<\/p><p>\u00a0<\/p>\t\t\t\t\t\t<\/div>\n\t\t\t\t<\/div>\n\t\t<div class=\"elementor-element elementor-element-a0b8566 e-flex e-con-boxed e-con e-child\" data-id=\"a0b8566\" data-element_type=\"container\">\n\t\t\t\t\t<div class=\"e-con-inner\">\n\t\t\t\t<div class=\"elementor-element elementor-element-24bc1e9 lv-button lv-text-link lv-dark-link elementor-align-center elementor-widget elementor-widget-button\" data-id=\"24bc1e9\" data-element_type=\"widget\" data-widget_type=\"button.default\">\n\t\t\t\t<div class=\"elementor-widget-container\">\n\t\t\t\t\t<div class=\"elementor-button-wrapper\">\n\t\t\t<a class=\"elementor-button elementor-button-link elementor-size-sm\" href=\"https:\/\/poli-real-estate.ch\/annonces\/a-vendre-paudex-residence-les-voiles-une-terrasse-sur-le-lac\/\">\n\t\t\t\t\t\t<span class=\"elementor-button-content-wrapper\">\n\t\t\t\t\t\t\t\t\t<span class=\"elementor-button-text\">D\u00e9couvrir cet appartement \u2197<\/span>\n\t\t\t\t\t<\/span>\n\t\t\t\t\t<\/a>\n\t\t<\/div>\n\t\t\t\t<\/div>\n\t\t\t\t<\/div>\n\t\t\t\t\t<\/div>\n\t\t\t\t<\/div>\n\t\t\t\t<\/div>\n\t\t\t\t<\/div>\n\t\t\t\t\t<\/div>\n\t\t\t\t<\/div>\n\t\t<div class=\"elementor-element elementor-element-bb42a5e e-flex e-con-boxed e-con e-parent\" data-id=\"bb42a5e\" data-element_type=\"container\" data-settings=\"{&quot;background_background&quot;:&quot;classic&quot;}\">\n\t\t\t\t\t<div class=\"e-con-inner\">\n\t\t\t\t<div class=\"elementor-element elementor-element-8334264 elementor-widget elementor-widget-image\" data-id=\"8334264\" data-element_type=\"widget\" data-widget_type=\"image.default\">\n\t\t\t\t<div class=\"elementor-widget-container\">\n\t\t\t\t\t\t\t\t\t\t\t\t\t<img loading=\"lazy\" decoding=\"async\" width=\"2000\" height=\"1125\" src=\"https:\/\/poli-real-estate.ch\/wp-content\/uploads\/2026\/08\/Residence-Les-Voiles-salon-Duplex-Paudex.png\" class=\"attachment-full size-full wp-image-398733\" alt=\"Pr\u00e9sentation Duplex - R\u00e9sidence Les Voiles - salon et salle \u00e0 manger avec vue lac \u00e0 Paudex\" srcset=\"https:\/\/poli-real-estate.ch\/wp-content\/uploads\/2026\/08\/Residence-Les-Voiles-salon-Duplex-Paudex.png 2000w, https:\/\/poli-real-estate.ch\/wp-content\/uploads\/2026\/08\/Residence-Les-Voiles-salon-Duplex-Paudex-300x169.png 300w, https:\/\/poli-real-estate.ch\/wp-content\/uploads\/2026\/08\/Residence-Les-Voiles-salon-Duplex-Paudex-1024x576.png 1024w, https:\/\/poli-real-estate.ch\/wp-content\/uploads\/2026\/08\/Residence-Les-Voiles-salon-Duplex-Paudex-768x432.png 768w, https:\/\/poli-real-estate.ch\/wp-content\/uploads\/2026\/08\/Residence-Les-Voiles-salon-Duplex-Paudex-1536x864.png 1536w\" sizes=\"(max-width: 2000px) 100vw, 2000px\" \/>\t\t\t\t\t\t\t\t\t\t\t\t\t<\/div>\n\t\t\t\t<\/div>\n\t\t<div class=\"elementor-element elementor-element-bf8d946 e-con-full e-flex e-con e-child\" data-id=\"bf8d946\" data-element_type=\"container\">\n\t\t\t\t<div class=\"elementor-element elementor-element-9d5788f poli-text-sans poli-caption-text poli-caption-main elementor-widget elementor-widget-text-editor\" data-id=\"9d5788f\" data-element_type=\"widget\" data-widget_type=\"text-editor.default\">\n\t\t\t\t<div class=\"elementor-widget-container\">\n\t\t\t\t\t\t\t<p>A chaque saison sa carte postale<\/p>\t\t\t\t\t\t<\/div>\n\t\t\t\t<\/div>\n\t\t\t\t<div class=\"elementor-element elementor-element-90af62e poli-text-sans poli-caption-text poli-caption-credit elementor-widget elementor-widget-text-editor\" data-id=\"90af62e\" data-element_type=\"widget\" data-widget_type=\"text-editor.default\">\n\t\t\t\t<div class=\"elementor-widget-container\">\n\t\t\t\t\t\t\t<p>R\u00e9sidence Les Voiles<\/p>\t\t\t\t\t\t<\/div>\n\t\t\t\t<\/div>\n\t\t\t\t<\/div>\n\t\t\t\t\t<\/div>\n\t\t\t\t<\/div>\n\t\t<div class=\"elementor-element elementor-element-282fac7e e-flex e-con-boxed e-con e-parent\" data-id=\"282fac7e\" data-element_type=\"container\" data-settings=\"{&quot;background_background&quot;:&quot;classic&quot;}\">\n\t\t\t\t\t<div class=\"e-con-inner\">\n\t\t<div class=\"elementor-element elementor-element-991e5c7 e-con-full e-flex e-con e-child\" data-id=\"991e5c7\" data-element_type=\"container\">\n\t\t<div class=\"elementor-element elementor-element-d043663 e-con-full e-flex e-con e-child\" data-id=\"d043663\" data-element_type=\"container\">\n\t\t\t\t<div class=\"elementor-element elementor-element-679f32bb poli-sans poli-kicker elementor-widget elementor-widget-heading\" data-id=\"679f32bb\" data-element_type=\"widget\" data-widget_type=\"heading.default\">\n\t\t\t\t<div class=\"elementor-widget-container\">\n\t\t\t<div class=\"elementor-heading-title elementor-size-default\">L\u2019intimit\u00e9<\/div>\t\t<\/div>\n\t\t\t\t<\/div>\n\t\t\t\t<\/div>\n\t\t<div class=\"elementor-element elementor-element-2e541009 e-con-full e-flex e-con e-child\" data-id=\"2e541009\" data-element_type=\"container\">\n\t\t\t\t<div class=\"elementor-element elementor-element-3064e4f3 poli-display poli-story-title elementor-widget elementor-widget-heading\" data-id=\"3064e4f3\" data-element_type=\"widget\" data-widget_type=\"heading.default\">\n\t\t\t\t<div class=\"elementor-widget-container\">\n\t\t\t<h2 class=\"elementor-heading-title elementor-size-default\">L\u2019art de conjuguer harmonie et intimit\u00e9<\/h2>\t\t<\/div>\n\t\t\t\t<\/div>\n\t\t\t\t<div class=\"elementor-element elementor-element-67e30133 poli-text-sans poli-body-copy elementor-widget elementor-widget-text-editor\" data-id=\"67e30133\" data-element_type=\"widget\" data-widget_type=\"text-editor.default\">\n\t\t\t\t<div class=\"elementor-widget-container\">\n\t\t\t\t\t\t\t<p>Trois appartements donnent \u00e0 la r\u00e9sidence une \u00e9chelle contenue. Les acc\u00e8s, les orientations et la disposition des ext\u00e9rieurs ont \u00e9t\u00e9 pens\u00e9s pour inscrire chaque logement dans l\u2019ensemble tout en pr\u00e9servant son intimit\u00e9.<\/p><p>La qualit\u00e9 se per\u00e7oit dans la mani\u00e8re d\u2019arriver chez soi, dans la proximit\u00e9 du jardin, dans l\u2019ouverture d\u2019une suite sur la terrasse ou dans les distances maintenues entre les espaces. Le plan r\u00e8gle ces rapports avec discr\u00e9tion et donne \u00e0 chaque appartement son propre rythme.<\/p>\t\t\t\t\t\t<\/div>\n\t\t\t\t<\/div>\n\t\t\t\t<\/div>\n\t\t\t\t<\/div>\n\t\t\t\t\t<\/div>\n\t\t\t\t<\/div>\n\t\t<div class=\"elementor-element elementor-element-1c36d543 e-flex e-con-boxed e-con e-parent\" data-id=\"1c36d543\" data-element_type=\"container\" data-settings=\"{&quot;background_background&quot;:&quot;classic&quot;}\">\n\t\t\t\t\t<div class=\"e-con-inner\">\n\t\t<div class=\"elementor-element elementor-element-20207114 e-con-full e-flex e-con e-child\" data-id=\"20207114\" data-element_type=\"container\">\n\t\t<div class=\"elementor-element elementor-element-5ede3826 e-con-full e-flex e-con e-child\" data-id=\"5ede3826\" data-element_type=\"container\">\n\t\t\t\t<div class=\"elementor-element elementor-element-5e88c075 elementor-widget elementor-widget-image\" data-id=\"5e88c075\" data-element_type=\"widget\" data-widget_type=\"image.default\">\n\t\t\t\t<div class=\"elementor-widget-container\">\n\t\t\t\t\t\t\t\t\t\t\t\t\t<img loading=\"lazy\" decoding=\"async\" width=\"1600\" height=\"900\" src=\"https:\/\/poli-real-estate.ch\/wp-content\/uploads\/2026\/08\/4f1333_3d29e5064b374de5a20065c3e68bb649mv2-5-34.jpg\" class=\"attachment-full size-full wp-image-398706\" alt=\"\" srcset=\"https:\/\/poli-real-estate.ch\/wp-content\/uploads\/2026\/08\/4f1333_3d29e5064b374de5a20065c3e68bb649mv2-5-34.jpg 1600w, https:\/\/poli-real-estate.ch\/wp-content\/uploads\/2026\/08\/4f1333_3d29e5064b374de5a20065c3e68bb649mv2-5-34-300x169.jpg 300w, https:\/\/poli-real-estate.ch\/wp-content\/uploads\/2026\/08\/4f1333_3d29e5064b374de5a20065c3e68bb649mv2-5-34-1024x576.jpg 1024w, https:\/\/poli-real-estate.ch\/wp-content\/uploads\/2026\/08\/4f1333_3d29e5064b374de5a20065c3e68bb649mv2-5-34-768x432.jpg 768w, https:\/\/poli-real-estate.ch\/wp-content\/uploads\/2026\/08\/4f1333_3d29e5064b374de5a20065c3e68bb649mv2-5-34-1536x864.jpg 1536w\" sizes=\"(max-width: 1600px) 100vw, 1600px\" \/>\t\t\t\t\t\t\t\t\t\t\t\t\t<\/div>\n\t\t\t\t<\/div>\n\t\t<div class=\"elementor-element elementor-element-27dbfb5f e-con-full e-flex e-con e-child\" data-id=\"27dbfb5f\" data-element_type=\"container\">\n\t\t\t\t<div class=\"elementor-element elementor-element-1f8856f2 poli-text-sans poli-caption-text poli-caption-main elementor-widget elementor-widget-text-editor\" data-id=\"1f8856f2\" data-element_type=\"widget\" data-widget_type=\"text-editor.default\">\n\t\t\t\t<div class=\"elementor-widget-container\">\n\t\t\t\t\t\t\t<p>Dans la suite, le paysage prolonge naturellement la composition int\u00e9rieure.<\/p>\t\t\t\t\t\t<\/div>\n\t\t\t\t<\/div>\n\t\t\t\t<div class=\"elementor-element elementor-element-67377346 poli-text-sans poli-caption-text poli-caption-credit elementor-widget elementor-widget-text-editor\" data-id=\"67377346\" data-element_type=\"widget\" data-widget_type=\"text-editor.default\">\n\t\t\t\t<div class=\"elementor-widget-container\">\n\t\t\t\t\t\t\t<p>R\u00e9sidence Les Voiles<\/p>\t\t\t\t\t\t<\/div>\n\t\t\t\t<\/div>\n\t\t\t\t<\/div>\n\t\t\t\t<\/div>\n\t\t<div class=\"elementor-element elementor-element-3b1834f6 e-con-full e-flex e-con e-child\" data-id=\"3b1834f6\" data-element_type=\"container\">\n\t\t\t\t<div class=\"elementor-element elementor-element-3187fad4 elementor-widget elementor-widget-image\" data-id=\"3187fad4\" data-element_type=\"widget\" data-widget_type=\"image.default\">\n\t\t\t\t<div class=\"elementor-widget-container\">\n\t\t\t\t\t\t\t\t\t\t\t\t\t<img loading=\"lazy\" decoding=\"async\" width=\"2560\" height=\"1440\" src=\"https:\/\/poli-real-estate.ch\/wp-content\/uploads\/2026\/09\/CP3_PA2_cam09_4K-scaled.jpg\" class=\"attachment-full size-full wp-image-400842\" alt=\"\" srcset=\"https:\/\/poli-real-estate.ch\/wp-content\/uploads\/2026\/09\/CP3_PA2_cam09_4K-scaled.jpg 2560w, https:\/\/poli-real-estate.ch\/wp-content\/uploads\/2026\/09\/CP3_PA2_cam09_4K-300x169.jpg 300w, https:\/\/poli-real-estate.ch\/wp-content\/uploads\/2026\/09\/CP3_PA2_cam09_4K-1024x576.jpg 1024w, https:\/\/poli-real-estate.ch\/wp-content\/uploads\/2026\/09\/CP3_PA2_cam09_4K-768x432.jpg 768w, https:\/\/poli-real-estate.ch\/wp-content\/uploads\/2026\/09\/CP3_PA2_cam09_4K-1536x864.jpg 1536w, https:\/\/poli-real-estate.ch\/wp-content\/uploads\/2026\/09\/CP3_PA2_cam09_4K-2048x1152.jpg 2048w\" sizes=\"(max-width: 2560px) 100vw, 2560px\" \/>\t\t\t\t\t\t\t\t\t\t\t\t\t<\/div>\n\t\t\t\t<\/div>\n\t\t<div class=\"elementor-element elementor-element-30d35400 e-con-full e-flex e-con e-child\" data-id=\"30d35400\" data-element_type=\"container\">\n\t\t\t\t<div class=\"elementor-element elementor-element-92f719e poli-text-sans poli-caption-text poli-caption-main elementor-widget elementor-widget-text-editor\" data-id=\"92f719e\" data-element_type=\"widget\" data-widget_type=\"text-editor.default\">\n\t\t\t\t<div class=\"elementor-widget-container\">\n\t\t\t\t\t\t\t<p>B\u00e9n\u00e9ficiez d&#8217;un acc\u00e8s discret par l&#8217;arri\u00e8re du b\u00e2timent.<\/p>\t\t\t\t\t\t<\/div>\n\t\t\t\t<\/div>\n\t\t\t\t<div class=\"elementor-element elementor-element-3954f455 poli-text-sans poli-caption-text poli-caption-credit elementor-widget elementor-widget-text-editor\" data-id=\"3954f455\" data-element_type=\"widget\" data-widget_type=\"text-editor.default\">\n\t\t\t\t<div class=\"elementor-widget-container\">\n\t\t\t\t\t\t\t<p>R\u00e9sidence Les Voiles<\/p>\t\t\t\t\t\t<\/div>\n\t\t\t\t<\/div>\n\t\t\t\t<\/div>\n\t\t\t\t<\/div>\n\t\t\t\t<\/div>\n\t\t\t\t\t<\/div>\n\t\t\t\t<\/div>\n\t\t<div class=\"elementor-element elementor-element-2e0e91a4 e-flex e-con-boxed e-con e-parent\" data-id=\"2e0e91a4\" data-element_type=\"container\" data-settings=\"{&quot;background_background&quot;:&quot;classic&quot;}\">\n\t\t\t\t\t<div class=\"e-con-inner\">\n\t\t<div class=\"elementor-element elementor-element-54c0d3a7 e-con-full e-flex e-con e-child\" data-id=\"54c0d3a7\" data-element_type=\"container\">\n\t\t<div class=\"elementor-element elementor-element-24bd7d68 e-con-full e-flex e-con e-child\" data-id=\"24bd7d68\" data-element_type=\"container\">\n\t\t\t\t<div class=\"elementor-element elementor-element-7016244e poli-sans poli-kicker elementor-widget elementor-widget-heading\" data-id=\"7016244e\" data-element_type=\"widget\" data-widget_type=\"heading.default\">\n\t\t\t\t<div class=\"elementor-widget-container\">\n\t\t\t<div class=\"elementor-heading-title elementor-size-default\">Les heures<\/div>\t\t<\/div>\n\t\t\t\t<\/div>\n\t\t\t\t<\/div>\n\t\t<div class=\"elementor-element elementor-element-5d587aed e-con-full e-flex e-con e-child\" data-id=\"5d587aed\" data-element_type=\"container\">\n\t\t\t\t<div class=\"elementor-element elementor-element-1f9494fd poli-display poli-story-title elementor-widget elementor-widget-heading\" data-id=\"1f9494fd\" data-element_type=\"widget\" data-widget_type=\"heading.default\">\n\t\t\t\t<div class=\"elementor-widget-container\">\n\t\t\t<h2 class=\"elementor-heading-title elementor-size-default\">Quand le lac change la lumi\u00e8re<\/h2>\t\t<\/div>\n\t\t\t\t<\/div>\n\t\t\t\t<div class=\"elementor-element elementor-element-1b8e79b7 poli-text-sans poli-body-copy elementor-widget elementor-widget-text-editor\" data-id=\"1b8e79b7\" data-element_type=\"widget\" data-widget_type=\"text-editor.default\">\n\t\t\t\t<div class=\"elementor-widget-container\">\n\t\t\t\t\t\t\t<p>Au matin, la lumi\u00e8re entre largement dans les pi\u00e8ces de vie et r\u00e9v\u00e8le la profondeur des volumes. Le lac se fait clair, parfois presque m\u00e9tallique ; le jardin et les terrasses en rapportent les nuances \u00e0 l\u2019int\u00e9rieur.<\/p><p>\u00c0 mesure que le soleil monte, les voiles de la pergola d\u00e9coupent des ombres plus franches. La piscine capte le ciel, les baies r\u00e9fl\u00e9chissent le paysage et l\u2019architecture gagne en contraste. La lumi\u00e8re \u00e9volue avec les heures et donne un autre relief aux usages les plus ordinaires.<\/p><p>Puis vient le soir. Les reliefs perdent leurs contours, les reflets s\u2019assombrissent et les premi\u00e8res lumi\u00e8res apparaissent sur la rive oppos\u00e9e. L\u2019horizon reste pr\u00e9sent, plus feutr\u00e9, d\u00e9sormais ponctu\u00e9 par l\u2019autre rive.<\/p>\t\t\t\t\t\t<\/div>\n\t\t\t\t<\/div>\n\t\t\t\t<\/div>\n\t\t\t\t<\/div>\n\t\t\t\t\t<\/div>\n\t\t\t\t<\/div>\n\t\t<div class=\"elementor-element elementor-element-44a3f3f8 e-flex e-con-boxed e-con e-parent\" data-id=\"44a3f3f8\" data-element_type=\"container\" data-settings=\"{&quot;background_background&quot;:&quot;classic&quot;}\">\n\t\t\t\t\t<div class=\"e-con-inner\">\n\t\t<div class=\"elementor-element elementor-element-19b82454 e-con-full e-flex e-con e-child\" data-id=\"19b82454\" data-element_type=\"container\" id=\"adresses\" data-settings=\"{&quot;background_background&quot;:&quot;classic&quot;}\">\n\t\t<div class=\"elementor-element elementor-element-5b0261f2 e-con-full e-flex e-con e-child\" data-id=\"5b0261f2\" data-element_type=\"container\">\n\t\t\t\t<div class=\"elementor-element elementor-element-47cd498 elementor-widget elementor-widget-image\" data-id=\"47cd498\" data-element_type=\"widget\" data-widget_type=\"image.default\">\n\t\t\t\t<div class=\"elementor-widget-container\">\n\t\t\t\t\t\t\t\t\t\t\t\t\t<img loading=\"lazy\" decoding=\"async\" width=\"104\" height=\"35\" src=\"https:\/\/poli-real-estate.ch\/wp-content\/uploads\/2026\/08\/logo-taupe-5-29.svg\" class=\"attachment-full size-full wp-image-398710\" alt=\"\" \/>\t\t\t\t\t\t\t\t\t\t\t\t\t<\/div>\n\t\t\t\t<\/div>\n\t\t\t\t<\/div>\n\t\t<div class=\"elementor-element elementor-element-4447d8b2 e-con-full e-flex e-con e-child\" data-id=\"4447d8b2\" data-element_type=\"container\">\n\t\t\t\t<div class=\"elementor-element elementor-element-10684241 poli-display poli-agency-title elementor-widget elementor-widget-heading\" data-id=\"10684241\" data-element_type=\"widget\" data-widget_type=\"heading.default\">\n\t\t\t\t<div class=\"elementor-widget-container\">\n\t\t\t<h2 class=\"elementor-heading-title elementor-size-default\">Notre connaissance de la r\u00e9gion<\/h2>\t\t<\/div>\n\t\t\t\t<\/div>\n\t\t\t\t<div class=\"elementor-element elementor-element-28732e33 poli-text-sans poli-body-copy poli-agency-copy elementor-widget elementor-widget-text-editor\" data-id=\"28732e33\" data-element_type=\"widget\" data-widget_type=\"text-editor.default\">\n\t\t\t\t<div class=\"elementor-widget-container\">\n\t\t\t\t\t\t\t<p><a href=\"https:\/\/poli-real-estate.ch\/a-propos-agence-immobiliere\/\">Poli Real Estate<\/a> accompagne la commercialisation de la <a href=\"https:\/\/poli-real-estate.ch\/residence-les-voiles-appartements-a-vendre-paudex\/\">R\u00e9sidence Les Voiles<\/a> avec une approche qui lui ressemble : privil\u00e9gier la qualit\u00e9 des \u00e9changes afin de mettre le projet et le client au centre de nos priorit\u00e9s.<\/p><p>Depuis 2012, notre agence est install\u00e9e au c\u0153ur de Pully. Nous y avons d\u00e9velopp\u00e9 une connaissance pr\u00e9cise du march\u00e9 et un attachement profond \u00e0 cette r\u00e9gion, dont nous aimons faire d\u00e9couvrir les plus belles adresses.<\/p>\t\t\t\t\t\t<\/div>\n\t\t\t\t<\/div>\n\t\t\t\t<div class=\"elementor-element elementor-element-7c8bf7a4 poli-editorial-link elementor-widget elementor-widget-heading\" data-id=\"7c8bf7a4\" data-element_type=\"widget\" data-widget_type=\"heading.default\">\n\t\t\t\t<div class=\"elementor-widget-container\">\n\t\t\t<div class=\"elementor-heading-title elementor-size-default\"><a href=\"https:\/\/poli-real-estate.ch\/contact\/\">Informations et visites priv\u00e9es \u2197<\/a><\/div>\t\t<\/div>\n\t\t\t\t<\/div>\n\t\t\t\t<\/div>\n\t\t\t\t<\/div>\n\t\t\t\t\t<\/div>\n\t\t\t\t<\/div>\n\t\t<div class=\"elementor-element elementor-element-2dd1cd10 e-con-full e-flex e-con e-parent\" data-id=\"2dd1cd10\" data-element_type=\"container\" id=\"articles-connexes\" data-settings=\"{&quot;background_background&quot;:&quot;classic&quot;}\">\n\t\t<div class=\"elementor-element elementor-element-7c49a1e0 e-flex e-con-boxed e-con e-child\" data-id=\"7c49a1e0\" data-element_type=\"container\" data-settings=\"{&quot;background_background&quot;:&quot;classic&quot;}\">\n\t\t\t\t\t<div class=\"e-con-inner\">\n\t\t\t\t<div class=\"elementor-element elementor-element-6c7f44b poli-sans poli-kicker elementor-widget elementor-widget-heading\" data-id=\"6c7f44b\" data-element_type=\"widget\" data-widget_type=\"heading.default\">\n\t\t\t\t<div class=\"elementor-widget-container\">\n\t\t\t<div class=\"elementor-heading-title elementor-size-default\">Poli Perspectives<\/div>\t\t<\/div>\n\t\t\t\t<\/div>\n\t\t\t\t<div class=\"elementor-element elementor-element-2c8386d poli-display elementor-widget elementor-widget-heading\" data-id=\"2c8386d\" data-element_type=\"widget\" data-widget_type=\"heading.default\">\n\t\t\t\t<div class=\"elementor-widget-container\">\n\t\t\t<h2 class=\"elementor-heading-title elementor-size-default\">\u00c0 lire aussi<\/h2>\t\t<\/div>\n\t\t\t\t<\/div>\n\t\t\t\t<div class=\"elementor-element elementor-element-60c49c2 poli-related-posts elementor-posts--align-left elementor-grid-3 elementor-grid-tablet-2 elementor-grid-mobile-1 elementor-posts--thumbnail-top elementor-widget elementor-widget-posts\" data-id=\"60c49c2\" data-element_type=\"widget\" data-settings=\"{&quot;classic_columns&quot;:&quot;3&quot;,&quot;classic_columns_tablet&quot;:&quot;2&quot;,&quot;classic_columns_mobile&quot;:&quot;1&quot;,&quot;classic_row_gap&quot;:{&quot;unit&quot;:&quot;px&quot;,&quot;size&quot;:35,&quot;sizes&quot;:[]},&quot;classic_row_gap_tablet&quot;:{&quot;unit&quot;:&quot;px&quot;,&quot;size&quot;:&quot;&quot;,&quot;sizes&quot;:[]},&quot;classic_row_gap_mobile&quot;:{&quot;unit&quot;:&quot;px&quot;,&quot;size&quot;:&quot;&quot;,&quot;sizes&quot;:[]}}\" data-widget_type=\"posts.classic\">\n\t\t\t\t<div class=\"elementor-widget-container\">\n\t\t\t<link rel=\"stylesheet\" href=\"https:\/\/poli-real-estate.ch\/wp-content\/plugins\/elementor-pro\/assets\/css\/widget-posts.min.css\">\t\t<div class=\"elementor-posts-container elementor-posts elementor-posts--skin-classic elementor-grid\">\n\t\t\t\t<article class=\"elementor-post elementor-grid-item post-396664 post type-post status-publish format-standard has-post-thumbnail hentry category-non-classifiee\">\n\t\t\t\t<a class=\"elementor-post__thumbnail__link\" href=\"https:\/\/poli-real-estate.ch\/en\/residence-les-voiles-vivre-au-rythme-du-leman\/\" tabindex=\"-1\" >\n\t\t\t<div class=\"elementor-post__thumbnail\"><img loading=\"lazy\" decoding=\"async\" width=\"640\" height=\"360\" src=\"https:\/\/poli-real-estate.ch\/wp-content\/uploads\/2026\/09\/CP3_PA2_cam03_4K-1-768x432.jpg\" class=\"attachment-medium_large size-medium_large wp-image-400998\" alt=\"R\u00e9sidence Les Voiles - Paudex Vue terrasse avec piscine\" srcset=\"https:\/\/poli-real-estate.ch\/wp-content\/uploads\/2026\/09\/CP3_PA2_cam03_4K-1-768x432.jpg 768w, https:\/\/poli-real-estate.ch\/wp-content\/uploads\/2026\/09\/CP3_PA2_cam03_4K-1-300x169.jpg 300w, https:\/\/poli-real-estate.ch\/wp-content\/uploads\/2026\/09\/CP3_PA2_cam03_4K-1-1024x576.jpg 1024w, https:\/\/poli-real-estate.ch\/wp-content\/uploads\/2026\/09\/CP3_PA2_cam03_4K-1-1536x864.jpg 1536w, https:\/\/poli-real-estate.ch\/wp-content\/uploads\/2026\/09\/CP3_PA2_cam03_4K-1-2048x1152.jpg 2048w\" sizes=\"(max-width: 640px) 100vw, 640px\" \/><\/div>\n\t\t<\/a>\n\t\t\t\t<div class=\"elementor-post__text\">\n\t\t\t\t<h3 class=\"elementor-post__title\">\n\t\t\t<a href=\"https:\/\/poli-real-estate.ch\/en\/residence-les-voiles-vivre-au-rythme-du-leman\/\" >\n\t\t\t\tR\u00e9sidence Les Voiles : Vivre au rythme du L\u00e9man\t\t\t<\/a>\n\t\t<\/h3>\n\t\t\t\t<div class=\"elementor-post__meta-data\">\n\t\t\t\t\t<span class=\"elementor-post-date\">\n\t\t\t2 September, 2026\t\t<\/span>\n\t\t\t\t<\/div>\n\t\t\n\t\t<a class=\"elementor-post__read-more\" href=\"https:\/\/poli-real-estate.ch\/en\/residence-les-voiles-vivre-au-rythme-du-leman\/\" aria-label=\"Read more about R\u00e9sidence Les Voiles : Vivre au rythme du L\u00e9man\" tabindex=\"-1\" >\n\t\t\tLire l\u2019article \u2197\t\t<\/a>\n\n\t\t\t\t<\/div>\n\t\t\t\t<\/article>\n\t\t\t\t<article class=\"elementor-post elementor-grid-item post-192177 post type-post status-publish format-standard has-post-thumbnail hentry category-uncategorized\">\n\t\t\t\t<a class=\"elementor-post__thumbnail__link\" href=\"https:\/\/poli-real-estate.ch\/en\/online-real-estate-appraisal-vs-in-person-property-valuation-advantages-and-disadvantages\/\" tabindex=\"-1\" >\n\t\t\t<div class=\"elementor-post__thumbnail\"><img loading=\"lazy\" decoding=\"async\" width=\"640\" height=\"428\" src=\"https:\/\/poli-real-estate.ch\/wp-content\/uploads\/2024\/08\/2148242898sgsg-768x513.jpeg\" class=\"attachment-medium_large size-medium_large wp-image-69456\" alt=\"Estimation immobili\u00e8re en ligne vs Estimation immobili\u00e8re en pr\u00e9sentiel - Image plans d&#039;architecte\n\nPoli Real Estate\" srcset=\"https:\/\/poli-real-estate.ch\/wp-content\/uploads\/2024\/08\/2148242898sgsg-768x513.jpeg 768w, https:\/\/poli-real-estate.ch\/wp-content\/uploads\/2024\/08\/2148242898sgsg-300x200.jpeg 300w, https:\/\/poli-real-estate.ch\/wp-content\/uploads\/2024\/08\/2148242898sgsg-1024x684.jpeg 1024w, https:\/\/poli-real-estate.ch\/wp-content\/uploads\/2024\/08\/2148242898sgsg-1536x1025.jpeg 1536w, https:\/\/poli-real-estate.ch\/wp-content\/uploads\/2024\/08\/2148242898sgsg.jpeg 2000w\" sizes=\"(max-width: 640px) 100vw, 640px\" \/><\/div>\n\t\t<\/a>\n\t\t\t\t<div class=\"elementor-post__text\">\n\t\t\t\t<h3 class=\"elementor-post__title\">\n\t\t\t<a href=\"https:\/\/poli-real-estate.ch\/en\/online-real-estate-appraisal-vs-in-person-property-valuation-advantages-and-disadvantages\/\" >\n\t\t\t\tOnline real estate appraisal vs. in-person property valuation: advantages and disadvantages\t\t\t<\/a>\n\t\t<\/h3>\n\t\t\t\t<div class=\"elementor-post__meta-data\">\n\t\t\t\t\t<span class=\"elementor-post-date\">\n\t\t\t15 April, 2026\t\t<\/span>\n\t\t\t\t<\/div>\n\t\t\n\t\t<a class=\"elementor-post__read-more\" href=\"https:\/\/poli-real-estate.ch\/en\/online-real-estate-appraisal-vs-in-person-property-valuation-advantages-and-disadvantages\/\" aria-label=\"Read more about Online real estate appraisal vs. in-person property valuation: advantages and disadvantages\" tabindex=\"-1\" >\n\t\t\tLire l\u2019article \u2197\t\t<\/a>\n\n\t\t\t\t<\/div>\n\t\t\t\t<\/article>\n\t\t\t\t<article class=\"elementor-post elementor-grid-item post-331778 post type-post status-publish format-standard has-post-thumbnail hentry category-non-classifiee\">\n\t\t\t\t<a class=\"elementor-post__thumbnail__link\" href=\"https:\/\/poli-real-estate.ch\/vente-immobiliere-valoriser-la-commercialisation-bien-immobilier\/\" tabindex=\"-1\" >\n\t\t\t<div class=\"elementor-post__thumbnail\"><img loading=\"lazy\" decoding=\"async\" width=\"640\" height=\"426\" src=\"https:\/\/poli-real-estate.ch\/wp-content\/uploads\/2026\/04\/Poli-Lausanne-Villette-19-1-768x511.jpg\" class=\"attachment-medium_large size-medium_large wp-image-332167\" alt=\"Vente Immobili\u00e8re - Valorisez la commercialisation de votre maison Poli Real Estate - Agence immobili\u00e8re \u00e0 Lausanne\" srcset=\"https:\/\/poli-real-estate.ch\/wp-content\/uploads\/2026\/04\/Poli-Lausanne-Villette-19-1-768x511.jpg 768w, https:\/\/poli-real-estate.ch\/wp-content\/uploads\/2026\/04\/Poli-Lausanne-Villette-19-1-300x200.jpg 300w, https:\/\/poli-real-estate.ch\/wp-content\/uploads\/2026\/04\/Poli-Lausanne-Villette-19-1-1024x681.jpg 1024w, https:\/\/poli-real-estate.ch\/wp-content\/uploads\/2026\/04\/Poli-Lausanne-Villette-19-1-1536x1022.jpg 1536w, https:\/\/poli-real-estate.ch\/wp-content\/uploads\/2026\/04\/Poli-Lausanne-Villette-19-1-2048x1362.jpg 2048w\" sizes=\"(max-width: 640px) 100vw, 640px\" \/><\/div>\n\t\t<\/a>\n\t\t\t\t<div class=\"elementor-post__text\">\n\t\t\t\t<h3 class=\"elementor-post__title\">\n\t\t\t<a href=\"https:\/\/poli-real-estate.ch\/vente-immobiliere-valoriser-la-commercialisation-bien-immobilier\/\" >\n\t\t\t\tVente immobili\u00e8re : <br>notre approche pour valoriser la commercialisation de votre bien\t\t\t<\/a>\n\t\t<\/h3>\n\t\t\t\t<div class=\"elementor-post__meta-data\">\n\t\t\t\t\t<span class=\"elementor-post-date\">\n\t\t\t13 April, 2026\t\t<\/span>\n\t\t\t\t<\/div>\n\t\t\n\t\t<a class=\"elementor-post__read-more\" href=\"https:\/\/poli-real-estate.ch\/vente-immobiliere-valoriser-la-commercialisation-bien-immobilier\/\" aria-label=\"Read more about Vente immobili\u00e8re : &lt;br&gt;notre approche pour valoriser la commercialisation de votre bien\" tabindex=\"-1\" >\n\t\t\tLire l\u2019article \u2197\t\t<\/a>\n\n\t\t\t\t<\/div>\n\t\t\t\t<\/article>\n\t\t\t\t<\/div>\n\t\t\n\t\t\t\t<\/div>\n\t\t\t\t<\/div>\n\t\t\t\t\t<\/div>\n\t\t\t\t<\/div>\n\t\t\t\t<\/div>\n\t\t<div class=\"elementor-element elementor-element-69931b6c e-con-full elementor-hidden elementor-hidden elementor-hidden e-flex e-con e-parent\" data-id=\"69931b6c\" data-element_type=\"container\">\n\t\t\t\t<div class=\"elementor-element elementor-element-571ca5e7 elementor-hidden elementor-hidden elementor-hidden elementor-widget elementor-widget-theme-post-content\" data-id=\"571ca5e7\" data-element_type=\"widget\" data-widget_type=\"theme-post-content.default\">\n\t\t\t\t<div class=\"elementor-widget-container\">\n\t\t\t\t\t<div data-elementor-type=\"wp-post\" data-elementor-id=\"331778\" class=\"elementor elementor-331778\" data-elementor-post-type=\"post\">\n\t\t\t\t<div class=\"elementor-element elementor-element-336ffccf e-flex e-con-boxed e-con e-parent\" data-id=\"336ffccf\" data-element_type=\"container\">\n\t\t\t\t\t<div class=\"e-con-inner\">\n\t\t<div class=\"elementor-element elementor-element-0475012 e-flex e-con-boxed e-con e-child\" data-id=\"0475012\" data-element_type=\"container\">\n\t\t\t\t\t<div class=\"e-con-inner\">\n\t\t\t\t<div class=\"elementor-element elementor-element-60868899 elementor-widget elementor-widget-text-editor\" data-id=\"60868899\" data-element_type=\"widget\" data-widget_type=\"text-editor.default\">\n\t\t\t\t<div class=\"elementor-widget-container\">\n\t\t\t\t\t\t\t<h6 class=\"p1\"><b>Vous vous demandez comment maximiser la valeur de votre maison ou appartement ?<\/b><\/h6><p class=\"p1\">Cet article d\u00e9taille pas \u00e0 pas l\u2019approche de Poli Real Estate : estimation sur place, connaissance du march\u00e9, photos de qualit\u00e9, diffusion cibl\u00e9e et exp\u00e9rience utilisateur avanc\u00e9e.<\/p><p class=\"p1\">D\u00e9couvrez comment nous mettons votre bien en lumi\u00e8re afin de concr\u00e9tiser sa vente.<\/p>\t\t\t\t\t\t<\/div>\n\t\t\t\t<\/div>\n\t\t\t\t\t<\/div>\n\t\t\t\t<\/div>\n\t\t\t\t\t<\/div>\n\t\t\t\t<\/div>\n\t\t<div class=\"elementor-element elementor-element-2b38a0a e-flex e-con-boxed e-con e-parent\" data-id=\"2b38a0a\" data-element_type=\"container\">\n\t\t\t\t\t<div class=\"e-con-inner\">\n\t\t<div class=\"elementor-element elementor-element-ecd4ddc e-con-full e-flex e-con e-child\" data-id=\"ecd4ddc\" data-element_type=\"container\">\n\t\t\t\t<div class=\"elementor-element elementor-element-0ef11d5 elementor-widget elementor-widget-heading\" data-id=\"0ef11d5\" data-element_type=\"widget\" data-widget_type=\"heading.default\">\n\t\t\t\t<div class=\"elementor-widget-container\">\n\t\t\t<h2 class=\"elementor-heading-title elementor-size-default\">Nos engagements et valeurs<\/h2>\t\t<\/div>\n\t\t\t\t<\/div>\n\t\t\t\t<div class=\"elementor-element elementor-element-80bbbce elementor-widget elementor-widget-text-editor\" data-id=\"80bbbce\" data-element_type=\"widget\" data-widget_type=\"text-editor.default\">\n\t\t\t\t<div class=\"elementor-widget-container\">\n\t\t\t\t\t\t\t<p class=\"p1\">Depuis 2012, Poli Real Estate accompagne ses clients avec une expertise reconnue et une connaissance approfondie du <b>march\u00e9 immobilier de Lausanne et de sa r\u00e9gion<\/b>.<\/p><p class=\"p1\">Notre \u00e9quipe met un point d\u2019honneur \u00e0 offrir un <b>service sur mesure<\/b>, fond\u00e9 sur la <b>qualit\u00e9<\/b> et la <b>proximit\u00e9<\/b>. Chaque bien est valoris\u00e9 de mani\u00e8re professionnelle, avec une pr\u00e9sentation soign\u00e9e et des informations fiables.<\/p><p class=\"p1\">Nous privil\u00e9gions une approche transparente et r\u00e9aliste, convaincus qu\u2019il s\u2019agit de la cl\u00e9 pour \u00e9tablir une relation de confiance avec nos clients. Tous nos collaborateurs disposent de plusieurs ann\u00e9es d\u2019exp\u00e9rience dans l\u2019immobilier, parfois de plusieurs d\u00e9cennies. Notre philosophie consiste \u00e0 apprendre en continu, par la<br \/>formation et la pratique, notamment \u00e0 travers des situations ou des biens complexes n\u00e9cessitant un accompagnement \u00e0 la fois professionnel et humain.<\/p>\t\t\t\t\t\t<\/div>\n\t\t\t\t<\/div>\n\t\t\t\t<\/div>\n\t\t\t\t\t<\/div>\n\t\t\t\t<\/div>\n\t\t<div class=\"elementor-element elementor-element-88253a3 e-flex e-con-boxed e-con e-parent\" data-id=\"88253a3\" data-element_type=\"container\">\n\t\t\t\t\t<div class=\"e-con-inner\">\n\t\t\t\t<div class=\"elementor-element elementor-element-ac505f1 elementor-widget elementor-widget-heading\" data-id=\"ac505f1\" data-element_type=\"widget\" data-widget_type=\"heading.default\">\n\t\t\t\t<div class=\"elementor-widget-container\">\n\t\t\t<h2 class=\"elementor-heading-title elementor-size-default\">1. Estimation sur place : base de toute strat\u00e9gie<\/h2>\t\t<\/div>\n\t\t\t\t<\/div>\n\t\t\t\t<div class=\"elementor-element elementor-element-a96b754 elementor-widget elementor-widget-text-editor\" data-id=\"a96b754\" data-element_type=\"widget\" data-widget_type=\"text-editor.default\">\n\t\t\t\t<div class=\"elementor-widget-container\">\n\t\t\t\t\t\t\t<h3>Pourquoi privil\u00e9gier une estimation en pr\u00e9sentiel ?<\/h3><p class=\"p1\">L\u2019estimation est la premi\u00e8re \u00e9tape de la commercialisation. Poli Real Estate r\u00e9alise syst\u00e9matiquement des estimations en pr\u00e9sentiel. Cet article comparant l\u2019estimation en ligne \u00e0 l\u2019estimation sur place explique en d\u00e9tail pourquoi une \u00e9valuation en personne est plus fiable qu\u2019une estimation num\u00e9rique. Il rappelle qu\u2019une estimation en ligne, bas\u00e9e sur des algorithmes et des donn\u00e9es standardis\u00e9es, ne tient pas compte des sp\u00e9cificit\u00e9s du bien et peut biaiser le r\u00e9sultat. En revanche, une estimation sur place permet notamment d\u2019examiner la qualit\u00e9 des mat\u00e9riaux, l\u2019\u00e9tat des installations, la luminosit\u00e9, l\u2019environnement sonore et les particularit\u00e9s du voisinage.<\/p><p>D\u00e9couvrez notre <a href=\"https:\/\/poli-real-estate.ch\/estimation-immobiliere\/\">page d\u00e9di\u00e9e \u00e0 l\u2019estimation immobili\u00e8re<\/a> afin d\u2019en apprendre davantage sur<br \/>notre approche.<br \/><br \/><\/p><h3>M\u00e9thodologie de nos sp\u00e9cialistes<\/h3><p>Nos courtiers se d\u00e9placent chez vous afin de :<\/p>\t\t\t\t\t\t<\/div>\n\t\t\t\t<\/div>\n\t\t\t\t<div class=\"elementor-element elementor-element-d18c849 elementor-icon-list--layout-traditional elementor-list-item-link-full_width elementor-widget elementor-widget-icon-list\" data-id=\"d18c849\" data-element_type=\"widget\" data-widget_type=\"icon-list.default\">\n\t\t\t\t<div class=\"elementor-widget-container\">\n\t\t\t<link rel=\"stylesheet\" href=\"https:\/\/poli-real-estate.ch\/wp-content\/uploads\/elementor\/css\/custom-widget-icon-list.min.css?ver=1754987468\">\t\t<ul class=\"elementor-icon-list-items\">\n\t\t\t\t\t\t\t<li class=\"elementor-icon-list-item\">\n\t\t\t\t\t\t\t\t\t\t\t<span class=\"elementor-icon-list-icon\">\n\t\t\t\t\t\t\t<svg aria-hidden=\"true\" class=\"e-font-icon-svg e-fas-dot-circle\" viewBox=\"0 0 512 512\" xmlns=\"http:\/\/www.w3.org\/2000\/svg\"><path d=\"M256 8C119.033 8 8 119.033 8 256s111.033 248 248 248 248-111.033 248-248S392.967 8 256 8zm80 248c0 44.112-35.888 80-80 80s-80-35.888-80-80 35.888-80 80-80 80 35.888 80 80z\"><\/path><\/svg>\t\t\t\t\t\t<\/span>\n\t\t\t\t\t\t\t\t\t\t<span class=\"elementor-icon-list-text\">Analyser le bien : surface, distribution des pi\u00e8ces, orientation, qualit\u00e9 des mat\u00e9riaux<\/span>\n\t\t\t\t\t\t\t\t\t<\/li>\n\t\t\t\t\t\t\t\t<li class=\"elementor-icon-list-item\">\n\t\t\t\t\t\t\t\t\t\t\t<span class=\"elementor-icon-list-icon\">\n\t\t\t\t\t\t\t<svg aria-hidden=\"true\" class=\"e-font-icon-svg e-fas-dot-circle\" viewBox=\"0 0 512 512\" xmlns=\"http:\/\/www.w3.org\/2000\/svg\"><path d=\"M256 8C119.033 8 8 119.033 8 256s111.033 248 248 248 248-111.033 248-248S392.967 8 256 8zm80 248c0 44.112-35.888 80-80 80s-80-35.888-80-80 35.888-80 80-80 80 35.888 80 80z\"><\/path><\/svg>\t\t\t\t\t\t<\/span>\n\t\t\t\t\t\t\t\t\t\t<span class=\"elementor-icon-list-text\">\u00c9tudier l\u2019environnement : proximit\u00e9 des transports, \u00e9coles, commerces, nuisances \u00e9ventuelles<\/span>\n\t\t\t\t\t\t\t\t\t<\/li>\n\t\t\t\t\t\t\t\t<li class=\"elementor-icon-list-item\">\n\t\t\t\t\t\t\t\t\t\t\t<span class=\"elementor-icon-list-icon\">\n\t\t\t\t\t\t\t<svg aria-hidden=\"true\" class=\"e-font-icon-svg e-fas-dot-circle\" viewBox=\"0 0 512 512\" xmlns=\"http:\/\/www.w3.org\/2000\/svg\"><path d=\"M256 8C119.033 8 8 119.033 8 256s111.033 248 248 248 248-111.033 248-248S392.967 8 256 8zm80 248c0 44.112-35.888 80-80 80s-80-35.888-80-80 35.888-80 80-80 80 35.888 80 80z\"><\/path><\/svg>\t\t\t\t\t\t<\/span>\n\t\t\t\t\t\t\t\t\t\t<span class=\"elementor-icon-list-text\">Discuter avec vous : comprendre vos objectifs, vos contraintes et vos pr\u00e9f\u00e9rences<\/span>\n\t\t\t\t\t\t\t\t\t<\/li>\n\t\t\t\t\t\t<\/ul>\n\t\t\t\t<\/div>\n\t\t\t\t<\/div>\n\t\t\t\t<div class=\"elementor-element elementor-element-e1d419c elementor-widget elementor-widget-text-editor\" data-id=\"e1d419c\" data-element_type=\"widget\" data-widget_type=\"text-editor.default\">\n\t\t\t\t<div class=\"elementor-widget-container\">\n\t\t\t\t\t\t\t<p>Nous vous communiquons ensuite les r\u00e9sultats de notre analyse, qui servent de point de d\u00e9part pour d\u00e9finir ensemble la strat\u00e9gie de commercialisation la plus adapt\u00e9e.<\/p><p style=\"text-align: center;\">Prenez rendez-vous pour une <a href=\"https:\/\/poli-real-estate.ch\/estimation-immobiliere\/\">estimation immobili\u00e8re en pr\u00e9sentiel<\/a><\/p>\t\t\t\t\t\t<\/div>\n\t\t\t\t<\/div>\n\t\t\t\t<div class=\"elementor-element elementor-element-7c895b7 elementor-widget elementor-widget-image\" data-id=\"7c895b7\" data-element_type=\"widget\" data-widget_type=\"image.default\">\n\t\t\t\t<div class=\"elementor-widget-container\">\n\t\t\t\t\t\t\t\t\t\t\t\t\t<img fetchpriority=\"high\" fetchpriority=\"high\" decoding=\"async\" width=\"640\" height=\"426\" src=\"https:\/\/poli-real-estate.ch\/wp-content\/uploads\/2026\/04\/2147785541-property-valuation-estimation-immobiliere-1024x682.jpeg\" class=\"attachment-large size-large wp-image-332145\" alt=\"Estimation immobili\u00e8re - Lausanne L&#039;approche Poli Real Estate\" srcset=\"https:\/\/poli-real-estate.ch\/wp-content\/uploads\/2026\/04\/2147785541-property-valuation-estimation-immobiliere-1024x682.jpeg 1024w, https:\/\/poli-real-estate.ch\/wp-content\/uploads\/2026\/04\/2147785541-property-valuation-estimation-immobiliere-300x200.jpeg 300w, https:\/\/poli-real-estate.ch\/wp-content\/uploads\/2026\/04\/2147785541-property-valuation-estimation-immobiliere-768x512.jpeg 768w, https:\/\/poli-real-estate.ch\/wp-content\/uploads\/2026\/04\/2147785541-property-valuation-estimation-immobiliere-1536x1024.jpeg 1536w, https:\/\/poli-real-estate.ch\/wp-content\/uploads\/2026\/04\/2147785541-property-valuation-estimation-immobiliere.jpeg 2000w\" sizes=\"(max-width: 640px) 100vw, 640px\" \/>\t\t\t\t\t\t\t\t\t\t\t\t\t<\/div>\n\t\t\t\t<\/div>\n\t\t\t\t\t<\/div>\n\t\t\t\t<\/div>\n\t\t<div class=\"elementor-element elementor-element-1cc5941 e-flex e-con-boxed e-con e-parent\" data-id=\"1cc5941\" data-element_type=\"container\">\n\t\t\t\t\t<div class=\"e-con-inner\">\n\t\t<div class=\"elementor-element elementor-element-29b530a e-con-full e-flex e-con e-child\" data-id=\"29b530a\" data-element_type=\"container\">\n\t\t\t\t<div class=\"elementor-element elementor-element-ee0ca80 elementor-widget elementor-widget-heading\" data-id=\"ee0ca80\" data-element_type=\"widget\" data-widget_type=\"heading.default\">\n\t\t\t\t<div class=\"elementor-widget-container\">\n\t\t\t<h2 class=\"elementor-heading-title elementor-size-default\">2. R\u00e9alisme : pr\u00e9senter les forces et les faiblesses<\/h2>\t\t<\/div>\n\t\t\t\t<\/div>\n\t\t\t\t<div class=\"elementor-element elementor-element-fcd69aa elementor-widget elementor-widget-text-editor\" data-id=\"fcd69aa\" data-element_type=\"widget\" data-widget_type=\"text-editor.default\">\n\t\t\t\t<div class=\"elementor-widget-container\">\n\t\t\t\t\t\t\t<h3>\u00c9valuation immobili\u00e8re<\/h3><p class=\"p1\">Nous sommes convaincus qu\u2019un acheteur bien inform\u00e9 est un acheteur rassur\u00e9. Omettre une particularit\u00e9 conduit souvent \u00e0 des ren\u00e9gociations de derni\u00e8re minute, voire \u00e0 l\u2019\u00e9chec d\u2019une transaction. Pour cette raison, d\u00e8s la pr\u00e9paration du bien, nous \u00e9tablissons une \u00e9valuation mentionnant l\u2019\u00e9tat d\u2019entretien du bien, ses caract\u00e9ristiques techniques, sa valeur sur le march\u00e9, mais aussi son environnement, ses charges et d\u2019\u00e9ventuelles servitudes.<\/p><p class=\"p1\">Seule une information transparente permet d\u2019\u00e9tablir une relation durable avec le client.<\/p><p class=\"p1\">\u00a0<\/p><h3>Adapter la strat\u00e9gie de mise en vente<\/h3><p>Chaque propri\u00e9t\u00e9 a son histoire, ses particularit\u00e9s et son potentiel. Parce que chaque bien est unique, nous refusons les approches standardis\u00e9es : notre r\u00f4le est d\u2019identifier la meilleure mani\u00e8re de le mettre en valeur. En adaptant la strat\u00e9gie \u00e0 vos besoins et \u00e0 la r\u00e9alit\u00e9 du march\u00e9, nous renfor\u00e7ons son attractivit\u00e9 et cr\u00e9ons les conditions d\u2019une vente r\u00e9ussie.<\/p><p>La v\u00e9ritable force de Poli Real Estate r\u00e9side dans notre capacit\u00e9 \u00e0 comprendre en profondeur \u00e0 la fois le bien et les attentes de son propri\u00e9taire. Cette vision globale nous permet d\u2019\u00e9laborer une d\u00e9marche sur mesure, coh\u00e9rente et efficace.<\/p>\t\t\t\t\t\t<\/div>\n\t\t\t\t<\/div>\n\t\t\t\t<\/div>\n\t\t\t\t\t<\/div>\n\t\t\t\t<\/div>\n\t\t<div class=\"elementor-element elementor-element-2575c7a e-flex e-con-boxed e-con e-parent\" data-id=\"2575c7a\" data-element_type=\"container\">\n\t\t\t\t\t<div class=\"e-con-inner\">\n\t\t<div class=\"elementor-element elementor-element-e2e20d8 e-con-full e-flex e-con e-child\" data-id=\"e2e20d8\" data-element_type=\"container\">\n\t\t\t\t<div class=\"elementor-element elementor-element-8de506a elementor-widget elementor-widget-text-editor\" data-id=\"8de506a\" data-element_type=\"widget\" data-widget_type=\"text-editor.default\">\n\t\t\t\t<div class=\"elementor-widget-container\">\n\t\t\t\t\t\t\t<h3>Photographies qualitatives<\/h3><p><span style=\"background-color: transparent; color: #000000; font-family: Avenir, sans-serif; font-size: 11pt; white-space-collapse: preserve; text-align: start;\">Dans un march\u00e9 o\u00f9 les annonces sont nombreuses, la photo joue un r\u00f4le cl\u00e9. Une image claire et attrayante capte l\u2019attention et valorise le bien d\u00e8s le premier regard. C\u2019est pourquoi nous accordons un soin particulier \u00e0 la qualit\u00e9 visuelle de chaque annonce, afin de pr\u00e9senter le bien sous son meilleur jour tout en restant fid\u00e8les \u00e0 la r\u00e9alit\u00e9.<\/span>\u00a0<\/p>\t\t\t\t\t\t<\/div>\n\t\t\t\t<\/div>\n\t\t\t\t<div class=\"elementor-element elementor-element-9e7b8d0 elementor-widget elementor-widget-image\" data-id=\"9e7b8d0\" data-element_type=\"widget\" data-widget_type=\"image.default\">\n\t\t\t\t<div class=\"elementor-widget-container\">\n\t\t\t\t\t\t\t\t\t\t\t\t\t<img decoding=\"async\" width=\"640\" height=\"426\" src=\"https:\/\/poli-real-estate.ch\/wp-content\/uploads\/2026\/04\/Poli-Capochon-33-1024x681.jpg\" class=\"attachment-large size-large wp-image-332141\" alt=\"Vente immobili\u00e8re - Photographie d&#039;int\u00e9rieur\" srcset=\"https:\/\/poli-real-estate.ch\/wp-content\/uploads\/2026\/04\/Poli-Capochon-33-1024x681.jpg 1024w, https:\/\/poli-real-estate.ch\/wp-content\/uploads\/2026\/04\/Poli-Capochon-33-300x200.jpg 300w, https:\/\/poli-real-estate.ch\/wp-content\/uploads\/2026\/04\/Poli-Capochon-33-768x511.jpg 768w, https:\/\/poli-real-estate.ch\/wp-content\/uploads\/2026\/04\/Poli-Capochon-33-1536x1022.jpg 1536w, https:\/\/poli-real-estate.ch\/wp-content\/uploads\/2026\/04\/Poli-Capochon-33-2048x1362.jpg 2048w\" sizes=\"(max-width: 640px) 100vw, 640px\" \/>\t\t\t\t\t\t\t\t\t\t\t\t\t<\/div>\n\t\t\t\t<\/div>\n\t\t\t\t<div class=\"elementor-element elementor-element-ca8a2c7 elementor-widget elementor-widget-text-editor\" data-id=\"ca8a2c7\" data-element_type=\"widget\" data-widget_type=\"text-editor.default\">\n\t\t\t\t<div class=\"elementor-widget-container\">\n\t\t\t\t\t\t\t<h3><span style=\"color: #444345; letter-spacing: 0.03em;\">Prises de vue par drone<\/span><\/h3><p><span style=\"background-color: transparent; color: #000000; font-family: Avenir, sans-serif; font-size: 11pt; white-space-collapse: preserve; text-align: start;\">Nous r\u00e9alisons \u00e9galement des prises de vue a\u00e9riennes par drone, une technique particuli\u00e8rement efficace pour valoriser les ext\u00e9rieurs et l\u2019environnement d\u2019un bien. Nous produisons des images dynamiques qui mettent en lumi\u00e8re l\u2019ensemble du cadre de vie, dans une approche moderne, authentique et impactante.<\/span><\/p>\t\t\t\t\t\t<\/div>\n\t\t\t\t<\/div>\n\t\t\t\t<div class=\"elementor-element elementor-element-7e71647 elementor-widget__width-inherit elementor-widget elementor-widget-image\" data-id=\"7e71647\" data-element_type=\"widget\" data-widget_type=\"image.default\">\n\t\t\t\t<div class=\"elementor-widget-container\">\n\t\t\t\t\t\t\t\t\t\t\t\t\t<img decoding=\"async\" width=\"640\" height=\"359\" src=\"https:\/\/poli-real-estate.ch\/wp-content\/uploads\/2026\/04\/Poli-Bochat-03-1024x575.jpg\" class=\"attachment-large size-large wp-image-332143\" alt=\"Vente immobili\u00e8re Lausanne Photos drone - Paudex\" srcset=\"https:\/\/poli-real-estate.ch\/wp-content\/uploads\/2026\/04\/Poli-Bochat-03-1024x575.jpg 1024w, https:\/\/poli-real-estate.ch\/wp-content\/uploads\/2026\/04\/Poli-Bochat-03-300x169.jpg 300w, https:\/\/poli-real-estate.ch\/wp-content\/uploads\/2026\/04\/Poli-Bochat-03-768x431.jpg 768w, https:\/\/poli-real-estate.ch\/wp-content\/uploads\/2026\/04\/Poli-Bochat-03-1536x863.jpg 1536w, https:\/\/poli-real-estate.ch\/wp-content\/uploads\/2026\/04\/Poli-Bochat-03-2048x1150.jpg 2048w\" sizes=\"(max-width: 640px) 100vw, 640px\" \/>\t\t\t\t\t\t\t\t\t\t\t\t\t<\/div>\n\t\t\t\t<\/div>\n\t\t\t\t<div class=\"elementor-element elementor-element-f4bde48 elementor-widget elementor-widget-text-editor\" data-id=\"f4bde48\" data-element_type=\"widget\" data-widget_type=\"text-editor.default\">\n\t\t\t\t<div class=\"elementor-widget-container\">\n\t\t\t\t\t\t\t<h3><span style=\"color: #444345; letter-spacing: 0.03em;\">Vid\u00e9os d&#8217;ambiance immersives<\/span><\/h3><div><p><span id=\"docs-internal-guid-cb13e7e5-7fff-c85c-38bc-a151c2b2f27b\"><span style=\"font-size: 11pt; font-family: Avenir, sans-serif; color: #000000; background-color: transparent; font-variant-numeric: normal; font-variant-east-asian: normal; font-variant-alternates: normal; font-variant-position: normal; font-variant-emoji: normal; vertical-align: baseline; white-space-collapse: preserve;\">La vid\u00e9o est aujourd\u2019hui un outil incontournable pour susciter l\u2019int\u00e9r\u00eat et capter l\u2019attention des acheteurs potentiels. Nous produisons des vid\u00e9os mettant en sc\u00e8ne \u00e0 la fois les espaces int\u00e9rieurs et ext\u00e9rieurs. Gr\u00e2ce \u00e0 des mouvements fluides et un montage soign\u00e9, elles permettent de restituer l\u2019atmosph\u00e8re r\u00e9elle du bien et d\u2019en r\u00e9v\u00e9ler toute la coh\u00e9rence architecturale. Contrairement \u00e0 une simple visite virtuelle, la vid\u00e9o raconte une histoire, met en valeur les points forts de la propri\u00e9t\u00e9 et renforce l\u2019\u00e9motion n\u00e9cessaire pour d\u00e9clencher un v\u00e9ritable coup de c\u0153ur.<\/span><\/span><\/p><\/div>\t\t\t\t\t\t<\/div>\n\t\t\t\t<\/div>\n\t\t\t\t<div class=\"elementor-element elementor-element-261d05a elementor-widget elementor-widget-video\" data-id=\"261d05a\" data-element_type=\"widget\" data-settings=\"{&quot;youtube_url&quot;:&quot;https:\\\/\\\/youtu.be\\\/T8txZyhW_yw&quot;,&quot;video_type&quot;:&quot;youtube&quot;,&quot;controls&quot;:&quot;yes&quot;}\" data-widget_type=\"video.default\">\n\t\t\t\t<div class=\"elementor-widget-container\">\n\t\t\t<style>\/*! elementor - v3.21.0 - 26-05-2024 *\/\n.elementor-widget-video .elementor-widget-container{overflow:hidden;transform:translateZ(0)}.elementor-widget-video .elementor-wrapper{aspect-ratio:var(--video-aspect-ratio)}.elementor-widget-video .elementor-wrapper iframe,.elementor-widget-video .elementor-wrapper video{height:100%;width:100%;display:flex;border:none;background-color:#000}@supports not (aspect-ratio:1\/1){.elementor-widget-video .elementor-wrapper{position:relative;overflow:hidden;height:0;padding-bottom:calc(100% \/ var(--video-aspect-ratio))}.elementor-widget-video .elementor-wrapper iframe,.elementor-widget-video .elementor-wrapper video{position:absolute;top:0;right:0;bottom:0;left:0}}.elementor-widget-video .elementor-open-inline .elementor-custom-embed-image-overlay{position:absolute;top:0;right:0;bottom:0;left:0;background-size:cover;background-position:50%}.elementor-widget-video .elementor-custom-embed-image-overlay{cursor:pointer;text-align:center}.elementor-widget-video .elementor-custom-embed-image-overlay:hover .elementor-custom-embed-play i{opacity:1}.elementor-widget-video .elementor-custom-embed-image-overlay img{display:block;width:100%;aspect-ratio:var(--video-aspect-ratio);-o-object-fit:cover;object-fit:cover;-o-object-position:center center;object-position:center center}@supports not (aspect-ratio:1\/1){.elementor-widget-video .elementor-custom-embed-image-overlay{position:relative;overflow:hidden;height:0;padding-bottom:calc(100% \/ var(--video-aspect-ratio))}.elementor-widget-video .elementor-custom-embed-image-overlay img{position:absolute;top:0;right:0;bottom:0;left:0}}.elementor-widget-video .e-hosted-video .elementor-video{-o-object-fit:cover;object-fit:cover}.e-con-inner>.elementor-widget-video,.e-con>.elementor-widget-video{width:var(--container-widget-width);--flex-grow:var(--container-widget-flex-grow)}<\/style>\t\t<div class=\"elementor-wrapper elementor-open-inline\">\n\t\t\t<div class=\"elementor-video\"><\/div>\t\t<\/div>\n\t\t\t\t<\/div>\n\t\t\t\t<\/div>\n\t\t\t\t<\/div>\n\t\t\t\t\t<\/div>\n\t\t\t\t<\/div>\n\t\t<div class=\"elementor-element elementor-element-5165ba9 e-flex e-con-boxed e-con e-parent\" data-id=\"5165ba9\" data-element_type=\"container\">\n\t\t\t\t\t<div class=\"e-con-inner\">\n\t\t<div class=\"elementor-element elementor-element-9be690d e-con-full e-flex e-con e-child\" data-id=\"9be690d\" data-element_type=\"container\">\n\t\t\t\t<div class=\"elementor-element elementor-element-86878b9 elementor-widget elementor-widget-heading\" data-id=\"86878b9\" data-element_type=\"widget\" data-widget_type=\"heading.default\">\n\t\t\t\t<div class=\"elementor-widget-container\">\n\t\t\t<h2 class=\"elementor-heading-title elementor-size-default\">4. Exp\u00e9rience utilisateur<\/h2>\t\t<\/div>\n\t\t\t\t<\/div>\n\t\t\t\t<div class=\"elementor-element elementor-element-8f371db elementor-widget elementor-widget-text-editor\" data-id=\"8f371db\" data-element_type=\"widget\" data-widget_type=\"text-editor.default\">\n\t\t\t\t<div class=\"elementor-widget-container\">\n\t\t\t\t\t\t\t<h3><span style=\"color: #444345; font-size: 30px; font-weight: 600; letter-spacing: 0.03em;\">Un site immobilier pens\u00e9 pour l\u2019acheteur<\/span><\/h3><div style=\"text-align: justify;\"><span style=\"color: #444345; font-family: Source Sans 3, sans-serif;\"><span style=\"letter-spacing: 0.32px;\">Notre site a \u00e9t\u00e9 con\u00e7u pour offrir \u00e0 chaque visiteur une exp\u00e9rience simple et agr\u00e9able. Une navigation claire et des annonces enrichies de visuels de qualit\u00e9 permettent de d\u00e9couvrir les biens avec pr\u00e9cision et sans effort. Le site est avant tout pens\u00e9 pour mettre votre bien en valeur.<\/span><\/span><\/div>\t\t\t\t\t\t<\/div>\n\t\t\t\t<\/div>\n\t\t\t\t<div class=\"elementor-element elementor-element-6286e5b elementor-widget elementor-widget-image\" data-id=\"6286e5b\" data-element_type=\"widget\" data-widget_type=\"image.default\">\n\t\t\t\t<div class=\"elementor-widget-container\">\n\t\t\t\t\t\t\t\t\t\t\t\t\t<img loading=\"lazy\" loading=\"lazy\" decoding=\"async\" width=\"2400\" height=\"1254\" src=\"https:\/\/poli-real-estate.ch\/wp-content\/uploads\/2026\/04\/Mobile-Experience-Website-Poli-Real-Estate-HD.png\" class=\"attachment-full size-full wp-image-332152\" alt=\"Mobile Experience Webiste Poli Real Estate - Lausanne - Pully\" srcset=\"https:\/\/poli-real-estate.ch\/wp-content\/uploads\/2026\/04\/Mobile-Experience-Website-Poli-Real-Estate-HD.png 2400w, https:\/\/poli-real-estate.ch\/wp-content\/uploads\/2026\/04\/Mobile-Experience-Website-Poli-Real-Estate-HD-300x157.png 300w, https:\/\/poli-real-estate.ch\/wp-content\/uploads\/2026\/04\/Mobile-Experience-Website-Poli-Real-Estate-HD-1024x535.png 1024w, https:\/\/poli-real-estate.ch\/wp-content\/uploads\/2026\/04\/Mobile-Experience-Website-Poli-Real-Estate-HD-768x401.png 768w, https:\/\/poli-real-estate.ch\/wp-content\/uploads\/2026\/04\/Mobile-Experience-Website-Poli-Real-Estate-HD-1536x803.png 1536w, https:\/\/poli-real-estate.ch\/wp-content\/uploads\/2026\/04\/Mobile-Experience-Website-Poli-Real-Estate-HD-2048x1070.png 2048w\" sizes=\"(max-width: 2400px) 100vw, 2400px\" \/>\t\t\t\t\t\t\t\t\t\t\t\t\t<\/div>\n\t\t\t\t<\/div>\n\t\t\t\t<div class=\"elementor-element elementor-element-87d70a5 elementor-widget elementor-widget-text-editor\" data-id=\"87d70a5\" data-element_type=\"widget\" data-widget_type=\"text-editor.default\">\n\t\t\t\t<div class=\"elementor-widget-container\">\n\t\t\t\t\t\t\t<h3><span style=\"color: #444345; font-size: 30px; font-weight: 600; letter-spacing: 0.03em;\">Une approche digitale coh\u00e9rente<\/span><\/h3><div style=\"text-align: justify;\"><span style=\"font-weight: 400;\">Nous consid\u00e9rons notre site internet comme l\u2019un des piliers majeurs de notre communication. Il s\u2019int\u00e8gre dans un \u00e9cosyst\u00e8me plus large incluant la photographie, la vid\u00e9o, la publicit\u00e9 en ligne et la diffusion sur les portails immobiliers. <\/span><\/div><div>\u00a0<\/div><div style=\"text-align: justify;\"><span style=\"font-weight: 400;\">Gr\u00e2ce \u00e0 cette compl\u00e9mentarit\u00e9, nous garantissons une pr\u00e9sentation coh\u00e9rente et haut de gamme de chaque bien. Pour les vendeurs, cela signifie une exposition optimale ; pour les acheteurs, une exp\u00e9rience claire, fluide et engageante.<\/span><\/div>\t\t\t\t\t\t<\/div>\n\t\t\t\t<\/div>\n\t\t\t\t<\/div>\n\t\t\t\t\t<\/div>\n\t\t\t\t<\/div>\n\t\t<div class=\"elementor-element elementor-element-502008a e-flex e-con-boxed e-con e-parent\" data-id=\"502008a\" data-element_type=\"container\">\n\t\t\t\t\t<div class=\"e-con-inner\">\n\t\t<div class=\"elementor-element elementor-element-3e92712 e-con-full e-flex e-con e-child\" data-id=\"3e92712\" data-element_type=\"container\">\n\t\t\t\t<div class=\"elementor-element elementor-element-99bbbeb elementor-widget elementor-widget-heading\" data-id=\"99bbbeb\" data-element_type=\"widget\" data-widget_type=\"heading.default\">\n\t\t\t\t<div class=\"elementor-widget-container\">\n\t\t\t<h2 class=\"elementor-heading-title elementor-size-default\">5. Matching &amp; diffusion cibl\u00e9e<\/h2>\t\t<\/div>\n\t\t\t\t<\/div>\n\t\t\t\t<div class=\"elementor-element elementor-element-918bf37 elementor-widget elementor-widget-text-editor\" data-id=\"918bf37\" data-element_type=\"widget\" data-widget_type=\"text-editor.default\">\n\t\t\t\t<div class=\"elementor-widget-container\">\n\t\t\t\t\t\t\t<h3><span style=\"color: #444345; font-size: 30px; font-weight: 600; letter-spacing: 0.03em;\">Notre r\u00e9seau<\/span><\/h3><div style=\"text-align: justify;\"><span style=\"font-weight: 400;\">Au fil des ann\u00e9es, nous avons d\u00e9velopp\u00e9 un r\u00e9seau solide compos\u00e9 de familles, de couples en recherche, d\u2019investisseurs et d\u2019expatri\u00e9s. Lorsqu\u2019un mandat nous est confi\u00e9, nous mobilisons ces contacts en priorit\u00e9 afin de pr\u00e9senter le bien \u00e0 des acheteurs qualifi\u00e9s, souvent m\u00eame avant sa mise en ligne publique.<\/span><\/div>\t\t\t\t\t\t<\/div>\n\t\t\t\t<\/div>\n\t\t\t\t<div class=\"elementor-element elementor-element-491691a elementor-widget elementor-widget-image\" data-id=\"491691a\" data-element_type=\"widget\" data-widget_type=\"image.default\">\n\t\t\t\t<div class=\"elementor-widget-container\">\n\t\t\t\t\t\t\t\t\t\t\t\t\t<img loading=\"lazy\" loading=\"lazy\" decoding=\"async\" width=\"1080\" height=\"1920\" src=\"https:\/\/poli-real-estate.ch\/wp-content\/uploads\/2026\/04\/4.png\" class=\"attachment-full size-full wp-image-332160\" alt=\"Publicit\u00e9 Immobili\u00e8re - Vente Immobili\u00e8re - Pully - Lausanne Agence Immobili\u00e8re Lausanne Poli Real Estate\" srcset=\"https:\/\/poli-real-estate.ch\/wp-content\/uploads\/2026\/04\/4.png 1080w, https:\/\/poli-real-estate.ch\/wp-content\/uploads\/2026\/04\/4-169x300.png 169w, https:\/\/poli-real-estate.ch\/wp-content\/uploads\/2026\/04\/4-576x1024.png 576w, https:\/\/poli-real-estate.ch\/wp-content\/uploads\/2026\/04\/4-768x1365.png 768w, https:\/\/poli-real-estate.ch\/wp-content\/uploads\/2026\/04\/4-864x1536.png 864w\" sizes=\"(max-width: 1080px) 100vw, 1080px\" \/>\t\t\t\t\t\t\t\t\t\t\t\t\t<\/div>\n\t\t\t\t<\/div>\n\t\t\t\t<div class=\"elementor-element elementor-element-712234f elementor-widget elementor-widget-text-editor\" data-id=\"712234f\" data-element_type=\"widget\" data-widget_type=\"text-editor.default\">\n\t\t\t\t<div class=\"elementor-widget-container\">\n\t\t\t\t\t\t\t<h3>Publicit\u00e9 en ligne et r\u00e9seaux sociaux<\/h3><div style=\"text-align: justify;\"><span style=\"text-align: start;\">En compl\u00e9ment de notre base de donn\u00e9es interne, nous diffusons votre bien sur les principales plateformes immobili\u00e8res et les r\u00e9seaux sociaux.\u00a0<\/span><br \/><span style=\"text-align: start;\"><br \/><\/span><span style=\"text-align: start;\">L\u2019\u00e9volution digitale en Suisse romande confirme l\u2019importance croissante d\u2019Instagram, Facebook et LinkedIn dans l\u2019immobilier ; ces plateformes permettent de toucher un large public. Des campagnes sur les moteurs de recherche et les r\u00e9seaux sociaux compl\u00e8tent le dispositif pour g\u00e9n\u00e9rer des visites qualifi\u00e9es<\/span><\/div>\t\t\t\t\t\t<\/div>\n\t\t\t\t<\/div>\n\t\t\t\t<\/div>\n\t\t\t\t\t<\/div>\n\t\t\t\t<\/div>\n\t\t<div class=\"elementor-element elementor-element-3dffcf7 e-flex e-con-boxed e-con e-parent\" data-id=\"3dffcf7\" data-element_type=\"container\">\n\t\t\t\t\t<div class=\"e-con-inner\">\n\t\t<div class=\"elementor-element elementor-element-f5ff7d7 e-con-full e-flex e-con e-child\" data-id=\"f5ff7d7\" data-element_type=\"container\">\n\t\t\t\t<div class=\"elementor-element elementor-element-f2137db elementor-widget elementor-widget-heading\" data-id=\"f2137db\" data-element_type=\"widget\" data-widget_type=\"heading.default\">\n\t\t\t\t<div class=\"elementor-widget-container\">\n\t\t\t<h2 class=\"elementor-heading-title elementor-size-default\">Vendez votre bien immobilier avec Poli Real Estate<\/h2>\t\t<\/div>\n\t\t\t\t<\/div>\n\t\t\t\t<div class=\"elementor-element elementor-element-6bcdcd5 elementor-widget elementor-widget-text-editor\" data-id=\"6bcdcd5\" data-element_type=\"widget\" data-widget_type=\"text-editor.default\">\n\t\t\t\t<div class=\"elementor-widget-container\">\n\t\t\t\t\t\t\t<p><span style=\"text-align: justify; color: #212529; font-family: system-ui, -apple-system, 'Segoe UI', Roboto, 'Helvetica Neue', 'Noto Sans', 'Liberation Sans', Arial, sans-serif, 'Apple Color Emoji', 'Segoe UI Emoji', 'Segoe UI Symbol', 'Noto Color Emoji'; font-size: 16px; font-weight: 400;\">La commercialisation d\u2019un bien immobilier exige m\u00e9thode et savoir-faire. Depuis 2012, Poli Real Estate accompagne les propri\u00e9taires avec des estimations r\u00e9alis\u00e9es sur place, une pr\u00e9sentation visuelle soign\u00e9e et des strat\u00e9gies digitales cibl\u00e9es. Notre exp\u00e9rience du march\u00e9 local et notre approche personnalis\u00e9e vous garantissent un service fiable et attentif \u00e0 vos besoins.<\/span><\/p><div>\u00a0<\/div><div style=\"text-align: center;\"><a href=\"https:\/\/poli-real-estate.ch\/contact\/\"><span style=\"text-align: justify; color: #212529; font-family: system-ui, -apple-system, 'Segoe UI', Roboto, 'Helvetica Neue', 'Noto Sans', 'Liberation Sans', Arial, sans-serif, 'Apple Color Emoji', 'Segoe UI Emoji', 'Segoe UI Symbol', 'Noto Color Emoji'; font-size: 16px;\"><b><u>CONTACTEZ-NOUS<\/u><\/b><\/span><\/a><\/div><div style=\"text-align: justify;\"><div>\u00a0<\/div><\/div>\t\t\t\t\t\t<\/div>\n\t\t\t\t<\/div>\n\t\t\t\t<\/div>\n\t\t\t\t\t<\/div>\n\t\t\t\t<\/div>\n\t\t<div class=\"elementor-element elementor-element-e3ded41 e-con-full e-flex e-con e-parent\" data-id=\"e3ded41\" data-element_type=\"container\" data-settings=\"{&quot;background_background&quot;:&quot;classic&quot;}\">\n\t\t<div class=\"elementor-element elementor-element-f2a1a33 e-con-full e-flex e-con e-child\" data-id=\"f2a1a33\" data-element_type=\"container\">\n\t\t\t\t<div class=\"elementor-element elementor-element-6e90850 elementor-widget elementor-widget-heading\" data-id=\"6e90850\" data-element_type=\"widget\" data-widget_type=\"heading.default\">\n\t\t\t\t<div class=\"elementor-widget-container\">\n\t\t\t<h2 class=\"elementor-heading-title elementor-size-default\">FAQ \u2013 Questions fr\u00e9quentes concernant la vente immobili\u00e8re<\/h2>\t\t<\/div>\n\t\t\t\t<\/div>\n\t\t\t\t<div class=\"elementor-element elementor-element-0684493 elementor-widget elementor-widget-text-editor\" data-id=\"0684493\" data-element_type=\"widget\" data-widget_type=\"text-editor.default\">\n\t\t\t\t<div class=\"elementor-widget-container\">\n\t\t\t\t\t\t\t<p>Avant de vous lancer dans la vente de votre bien, certaines questions reviennent fr\u00e9quemment. Pr\u00e9paration, estimation, documents ou strat\u00e9gie de mise en march\u00e9, nous avons rassembl\u00e9 ici les r\u00e9ponses essentielles pour vous accompagner avec clart\u00e9 et s\u00e9r\u00e9nit\u00e9 \u00e0 chaque \u00e9tape du processus.<\/p>\t\t\t\t\t\t<\/div>\n\t\t\t\t<\/div>\n\t\t\t\t<div class=\"elementor-element elementor-element-9822b3e elementor-widget elementor-widget-accordion\" data-id=\"9822b3e\" data-element_type=\"widget\" data-widget_type=\"accordion.default\">\n\t\t\t\t<div class=\"elementor-widget-container\">\n\t\t\t<style>.elementor-accordion{text-align:start}.elementor-accordion .elementor-accordion-item{border:1px solid #d5d8dc}.elementor-accordion .elementor-accordion-item+.elementor-accordion-item{border-top:none}.elementor-accordion .elementor-tab-title{margin:0;padding:15px 20px;font-weight:700;line-height:1;cursor:pointer;outline:none}.elementor-accordion .elementor-tab-title .elementor-accordion-icon{display:inline-block;width:1.5em}.elementor-accordion .elementor-tab-title .elementor-accordion-icon svg{width:1em;height:1em}.elementor-accordion .elementor-tab-title .elementor-accordion-icon.elementor-accordion-icon-right{float:right;text-align:right}.elementor-accordion .elementor-tab-title .elementor-accordion-icon.elementor-accordion-icon-left{float:left;text-align:left}.elementor-accordion .elementor-tab-title .elementor-accordion-icon .elementor-accordion-icon-closed{display:block}.elementor-accordion .elementor-tab-title .elementor-accordion-icon .elementor-accordion-icon-opened,.elementor-accordion .elementor-tab-title.elementor-active .elementor-accordion-icon-closed{display:none}.elementor-accordion .elementor-tab-title.elementor-active .elementor-accordion-icon-opened{display:block}.elementor-accordion .elementor-tab-content{display:none;padding:15px 20px;border-top:1px solid #d5d8dc}@media (max-width:767px){.elementor-accordion .elementor-tab-title{padding:12px 15px}.elementor-accordion .elementor-tab-title .elementor-accordion-icon{width:1.2em}.elementor-accordion .elementor-tab-content{padding:7px 15px}}.e-con-inner>.elementor-widget-accordion,.e-con>.elementor-widget-accordion{width:var(--container-widget-width);--flex-grow:var(--container-widget-flex-grow)}<\/style>\t\t<div class=\"elementor-accordion\">\n\t\t\t\t\t\t\t<div class=\"elementor-accordion-item\">\n\t\t\t\t\t<div id=\"elementor-tab-title-1591\" class=\"elementor-tab-title\" data-tab=\"1\" role=\"button\" aria-controls=\"elementor-tab-content-1591\" aria-expanded=\"false\">\n\t\t\t\t\t\t\t\t\t\t\t\t\t<span class=\"elementor-accordion-icon elementor-accordion-icon-right\" aria-hidden=\"true\">\n\t\t\t\t\t\t\t\t\t\t\t\t\t\t\t<span class=\"elementor-accordion-icon-closed\"><svg class=\"e-font-icon-svg e-fas-plus\" viewBox=\"0 0 448 512\" xmlns=\"http:\/\/www.w3.org\/2000\/svg\"><path d=\"M416 208H272V64c0-17.67-14.33-32-32-32h-32c-17.67 0-32 14.33-32 32v144H32c-17.67 0-32 14.33-32 32v32c0 17.67 14.33 32 32 32h144v144c0 17.67 14.33 32 32 32h32c17.67 0 32-14.33 32-32V304h144c17.67 0 32-14.33 32-32v-32c0-17.67-14.33-32-32-32z\"><\/path><\/svg><\/span>\n\t\t\t\t\t\t\t\t<span class=\"elementor-accordion-icon-opened\"><svg class=\"e-font-icon-svg e-fas-minus\" viewBox=\"0 0 448 512\" xmlns=\"http:\/\/www.w3.org\/2000\/svg\"><path d=\"M416 208H32c-17.67 0-32 14.33-32 32v32c0 17.67 14.33 32 32 32h384c17.67 0 32-14.33 32-32v-32c0-17.67-14.33-32-32-32z\"><\/path><\/svg><\/span>\n\t\t\t\t\t\t\t\t\t\t\t\t\t\t<\/span>\n\t\t\t\t\t\t\t\t\t\t\t\t<a class=\"elementor-accordion-title\" tabindex=\"0\">1. Pourquoi ne proposez-vous pas d\u2019estimation en ligne ?<\/a>\n\t\t\t\t\t<\/div>\n\t\t\t\t\t<div id=\"elementor-tab-content-1591\" class=\"elementor-tab-content elementor-clearfix\" data-tab=\"1\" role=\"region\" aria-labelledby=\"elementor-tab-title-1591\"><p data-start=\"416\" data-end=\"818\"><span style=\"font-weight: 400;\">Les outils d&#8217;<strong>estimation en ligne<\/strong> donnent un ordre de grandeur mais ne tiennent pas compte des sp\u00e9cificit\u00e9s du bien. <\/span><\/p><p data-start=\"416\" data-end=\"818\"><span style=\"font-weight: 400;\">Une <strong>estimation immobili\u00e8re sur place<\/strong> permet une analyse plus fine et une strat\u00e9gie adapt\u00e9e.<\/span><\/p><p data-start=\"416\" data-end=\"818\">D\u00e9couvrez notre <a href=\"https:\/\/poli-real-estate.ch\/estimation-immobiliere-en-ligne-vs-estimation-en-presentiel-avantages-et-inconvenients\/\">comparatif entre l&#8217;estimation en ligne et l&#8217;estimation sur place<\/a>.<\/p><\/div>\n\t\t\t\t<\/div>\n\t\t\t\t\t\t\t<div class=\"elementor-accordion-item\">\n\t\t\t\t\t<div id=\"elementor-tab-title-1592\" class=\"elementor-tab-title\" data-tab=\"2\" role=\"button\" aria-controls=\"elementor-tab-content-1592\" aria-expanded=\"false\">\n\t\t\t\t\t\t\t\t\t\t\t\t\t<span class=\"elementor-accordion-icon elementor-accordion-icon-right\" aria-hidden=\"true\">\n\t\t\t\t\t\t\t\t\t\t\t\t\t\t\t<span class=\"elementor-accordion-icon-closed\"><svg class=\"e-font-icon-svg e-fas-plus\" viewBox=\"0 0 448 512\" xmlns=\"http:\/\/www.w3.org\/2000\/svg\"><path d=\"M416 208H272V64c0-17.67-14.33-32-32-32h-32c-17.67 0-32 14.33-32 32v144H32c-17.67 0-32 14.33-32 32v32c0 17.67 14.33 32 32 32h144v144c0 17.67 14.33 32 32 32h32c17.67 0 32-14.33 32-32V304h144c17.67 0 32-14.33 32-32v-32c0-17.67-14.33-32-32-32z\"><\/path><\/svg><\/span>\n\t\t\t\t\t\t\t\t<span class=\"elementor-accordion-icon-opened\"><svg class=\"e-font-icon-svg e-fas-minus\" viewBox=\"0 0 448 512\" xmlns=\"http:\/\/www.w3.org\/2000\/svg\"><path d=\"M416 208H32c-17.67 0-32 14.33-32 32v32c0 17.67 14.33 32 32 32h384c17.67 0 32-14.33 32-32v-32c0-17.67-14.33-32-32-32z\"><\/path><\/svg><\/span>\n\t\t\t\t\t\t\t\t\t\t\t\t\t\t<\/span>\n\t\t\t\t\t\t\t\t\t\t\t\t<a class=\"elementor-accordion-title\" tabindex=\"0\">2. Quels sont les documents n\u00e9cessaires pour r\u00e9aliser une vente immobili\u00e8re en Suisse ?<\/a>\n\t\t\t\t\t<\/div>\n\t\t\t\t\t<div id=\"elementor-tab-content-1592\" class=\"elementor-tab-content elementor-clearfix\" data-tab=\"2\" role=\"region\" aria-labelledby=\"elementor-tab-title-1592\"><p><span style=\"font-weight: 400;\">Un dossier complet rassure les acheteurs et \u00e9vite les blocages lors de la signature. <\/span><\/p><p><span style=\"font-weight: 400;\">Les pi\u00e8ces demand\u00e9es varient selon le canton et le type de bien, mais incluent en g\u00e9n\u00e9ral :<br \/><\/span><span style=\"font-weight: 400;\">&#8211; extrait du registre foncier,<br \/><\/span><span style=\"font-weight: 400;\">&#8211; plan cadastral<br \/>&#8211; plans et permis<br \/>&#8211; diagnostics techniques<br \/>&#8211; documents de copropri\u00e9t\u00e9 (pour une PPE).<\/span><\/p><p><span style=\"font-weight: 400;\">D\u00e9couvrez la liste d\u00e9taill\u00e9e dans notre <a href=\"https:\/\/poli-real-estate.ch\/vente-immobiliere-check-list-des-documents-dans-le-canton-de-vaud\/\">article consacr\u00e9 aux documents de vente immobili\u00e8re<\/a>.<\/span><\/p><\/div>\n\t\t\t\t<\/div>\n\t\t\t\t\t\t\t<div class=\"elementor-accordion-item\">\n\t\t\t\t\t<div id=\"elementor-tab-title-1593\" class=\"elementor-tab-title\" data-tab=\"3\" role=\"button\" aria-controls=\"elementor-tab-content-1593\" aria-expanded=\"false\">\n\t\t\t\t\t\t\t\t\t\t\t\t\t<span class=\"elementor-accordion-icon elementor-accordion-icon-right\" aria-hidden=\"true\">\n\t\t\t\t\t\t\t\t\t\t\t\t\t\t\t<span class=\"elementor-accordion-icon-closed\"><svg class=\"e-font-icon-svg e-fas-plus\" viewBox=\"0 0 448 512\" xmlns=\"http:\/\/www.w3.org\/2000\/svg\"><path d=\"M416 208H272V64c0-17.67-14.33-32-32-32h-32c-17.67 0-32 14.33-32 32v144H32c-17.67 0-32 14.33-32 32v32c0 17.67 14.33 32 32 32h144v144c0 17.67 14.33 32 32 32h32c17.67 0 32-14.33 32-32V304h144c17.67 0 32-14.33 32-32v-32c0-17.67-14.33-32-32-32z\"><\/path><\/svg><\/span>\n\t\t\t\t\t\t\t\t<span class=\"elementor-accordion-icon-opened\"><svg class=\"e-font-icon-svg e-fas-minus\" viewBox=\"0 0 448 512\" xmlns=\"http:\/\/www.w3.org\/2000\/svg\"><path d=\"M416 208H32c-17.67 0-32 14.33-32 32v32c0 17.67 14.33 32 32 32h384c17.67 0 32-14.33 32-32v-32c0-17.67-14.33-32-32-32z\"><\/path><\/svg><\/span>\n\t\t\t\t\t\t\t\t\t\t\t\t\t\t<\/span>\n\t\t\t\t\t\t\t\t\t\t\t\t<a class=\"elementor-accordion-title\" tabindex=\"0\">3. Comment valoriser un ext\u00e9rieur pour s\u00e9duire de futurs acheteurs ?<\/a>\n\t\t\t\t\t<\/div>\n\t\t\t\t\t<div id=\"elementor-tab-content-1593\" class=\"elementor-tab-content elementor-clearfix\" data-tab=\"3\" role=\"region\" aria-labelledby=\"elementor-tab-title-1593\"><p><span style=\"font-weight: 400;\">Un jardin ou une terrasse bien entretenus renforcent l\u2019attrait d\u2019un bien immobilier. Cela permet \u00e0 l\u2019acqu\u00e9reur de se projeter plus facilement et de constater un r\u00e9sultat sans se focaliser sur les efforts \u00e0 fournir. <\/span><\/p><p><span style=\"font-weight: 400;\">Taille des haies, pelouse soign\u00e9e, mise en sc\u00e8ne avec du mobilier ou un \u00e9clairage adapt\u00e9 permettent aux visiteurs de se projeter. Mettre en avant les atouts existants (potager, pergola, terrasse ensoleill\u00e9e) est \u00e9galement un vrai plus.<\/span><\/p><p><span style=\"font-weight: 400;\">Retrouvez plus de conseils pratiques dans notre <a href=\"https:\/\/poli-real-estate.ch\/article-agefi-jardin-investissement-immobilier\/\">article d\u00e9di\u00e9 \u00e0 la valorisation des jardins<\/a>.<\/span><\/p><\/div>\n\t\t\t\t<\/div>\n\t\t\t\t\t\t\t<div class=\"elementor-accordion-item\">\n\t\t\t\t\t<div id=\"elementor-tab-title-1594\" class=\"elementor-tab-title\" data-tab=\"4\" role=\"button\" aria-controls=\"elementor-tab-content-1594\" aria-expanded=\"false\">\n\t\t\t\t\t\t\t\t\t\t\t\t\t<span class=\"elementor-accordion-icon elementor-accordion-icon-right\" aria-hidden=\"true\">\n\t\t\t\t\t\t\t\t\t\t\t\t\t\t\t<span class=\"elementor-accordion-icon-closed\"><svg class=\"e-font-icon-svg e-fas-plus\" viewBox=\"0 0 448 512\" xmlns=\"http:\/\/www.w3.org\/2000\/svg\"><path d=\"M416 208H272V64c0-17.67-14.33-32-32-32h-32c-17.67 0-32 14.33-32 32v144H32c-17.67 0-32 14.33-32 32v32c0 17.67 14.33 32 32 32h144v144c0 17.67 14.33 32 32 32h32c17.67 0 32-14.33 32-32V304h144c17.67 0 32-14.33 32-32v-32c0-17.67-14.33-32-32-32z\"><\/path><\/svg><\/span>\n\t\t\t\t\t\t\t\t<span class=\"elementor-accordion-icon-opened\"><svg class=\"e-font-icon-svg e-fas-minus\" viewBox=\"0 0 448 512\" xmlns=\"http:\/\/www.w3.org\/2000\/svg\"><path d=\"M416 208H32c-17.67 0-32 14.33-32 32v32c0 17.67 14.33 32 32 32h384c17.67 0 32-14.33 32-32v-32c0-17.67-14.33-32-32-32z\"><\/path><\/svg><\/span>\n\t\t\t\t\t\t\t\t\t\t\t\t\t\t<\/span>\n\t\t\t\t\t\t\t\t\t\t\t\t<a class=\"elementor-accordion-title\" tabindex=\"0\">4. Comment fonctionne votre matching avec la base de prospects et votre r\u00e9seau de clients ?<\/a>\n\t\t\t\t\t<\/div>\n\t\t\t\t\t<div id=\"elementor-tab-content-1594\" class=\"elementor-tab-content elementor-clearfix\" data-tab=\"4\" role=\"region\" aria-labelledby=\"elementor-tab-title-1594\"><p data-start=\"2362\" data-end=\"2685\"><span style=\"font-weight: 400;\">D\u00e8s le d\u00e9but du projet, nous croisons les caract\u00e9ristiques de votre bien avec notre base d\u2019acheteurs qualifi\u00e9s et notre r\u00e9seau. <\/span><span style=\"font-weight: 400;\">Les profils correspondants re\u00e7oivent un message personnalis\u00e9 et peuvent visiter votre propri\u00e9t\u00e9 en priorit\u00e9.<\/span><\/p><\/div>\n\t\t\t\t<\/div>\n\t\t\t\t\t\t\t<div class=\"elementor-accordion-item\">\n\t\t\t\t\t<div id=\"elementor-tab-title-1595\" class=\"elementor-tab-title\" data-tab=\"5\" role=\"button\" aria-controls=\"elementor-tab-content-1595\" aria-expanded=\"false\">\n\t\t\t\t\t\t\t\t\t\t\t\t\t<span class=\"elementor-accordion-icon elementor-accordion-icon-right\" aria-hidden=\"true\">\n\t\t\t\t\t\t\t\t\t\t\t\t\t\t\t<span class=\"elementor-accordion-icon-closed\"><svg class=\"e-font-icon-svg e-fas-plus\" viewBox=\"0 0 448 512\" xmlns=\"http:\/\/www.w3.org\/2000\/svg\"><path d=\"M416 208H272V64c0-17.67-14.33-32-32-32h-32c-17.67 0-32 14.33-32 32v144H32c-17.67 0-32 14.33-32 32v32c0 17.67 14.33 32 32 32h144v144c0 17.67 14.33 32 32 32h32c17.67 0 32-14.33 32-32V304h144c17.67 0 32-14.33 32-32v-32c0-17.67-14.33-32-32-32z\"><\/path><\/svg><\/span>\n\t\t\t\t\t\t\t\t<span class=\"elementor-accordion-icon-opened\"><svg class=\"e-font-icon-svg e-fas-minus\" viewBox=\"0 0 448 512\" xmlns=\"http:\/\/www.w3.org\/2000\/svg\"><path d=\"M416 208H32c-17.67 0-32 14.33-32 32v32c0 17.67 14.33 32 32 32h384c17.67 0 32-14.33 32-32v-32c0-17.67-14.33-32-32-32z\"><\/path><\/svg><\/span>\n\t\t\t\t\t\t\t\t\t\t\t\t\t\t<\/span>\n\t\t\t\t\t\t\t\t\t\t\t\t<a class=\"elementor-accordion-title\" tabindex=\"0\">5. Quelles sont les erreurs \u00e0 \u00e9viter lors de la mise en vente d\u2019un bien immobilier ?<\/a>\n\t\t\t\t\t<\/div>\n\t\t\t\t\t<div id=\"elementor-tab-content-1595\" class=\"elementor-tab-content elementor-clearfix\" data-tab=\"5\" role=\"region\" aria-labelledby=\"elementor-tab-title-1595\"><p><span style=\"font-weight: 400;\">Certaines pratiques peuvent ralentir la vente ou nuire au prix final de votre propri\u00e9t\u00e9 :<\/span><\/p><ul><li><span style=\"font-weight: 400;\">Surestimer la valeur du bien : un prix trop \u00e9lev\u00e9 fait fuir les acheteurs s\u00e9rieux et rallonge les d\u00e9lais.<\/span><\/li><\/ul><p>\u00a0<\/p><ul><li><span style=\"font-weight: 400;\">Sous-estimer le bien : cela peut entra\u00eener une perte financi\u00e8re<br \/><br \/><\/span><\/li><li>N\u00e9gliger la pr\u00e9sentation : photos sombres, d\u00e9sordre ou absence de mise en valeur r\u00e9duisent l\u2019attractivit\u00e9<br \/><br \/><\/li><li>Manquer de transparence : cacher des particularit\u00e9s ou des d\u00e9fauts connus (contraintes LPPPL, droit du bail, infiltrations, nuisances, amiante, etc.) cr\u00e9e de la m\u00e9fiance.<br \/><br \/><\/li><li>Dossier incomplet : il n\u2019inspire pas confiance et peut d\u00e9tourner les acheteurs vers d\u2019autres biens. L\u2019absence de documents retarde les n\u00e9gociations et peut \u00eatre d\u00e9courageante.<\/li><\/ul><p><span style=\"font-weight: 400;\">Anticiper ces points permet d\u2019augmenter vos chances de conclure efficacement, dans de bonnes conditions. Il convient de se rappeler que l\u2019on ne fait qu\u2019une seule premi\u00e8re impression : si l\u2019on ne d\u00e9cide pas de la m\u00e9t\u00e9o, on peut d\u00e9cider de la pr\u00e9paration du dossier.<\/span><\/p><\/div>\n\t\t\t\t<\/div>\n\t\t\t\t\t\t\t<div class=\"elementor-accordion-item\">\n\t\t\t\t\t<div id=\"elementor-tab-title-1596\" class=\"elementor-tab-title\" data-tab=\"6\" role=\"button\" aria-controls=\"elementor-tab-content-1596\" aria-expanded=\"false\">\n\t\t\t\t\t\t\t\t\t\t\t\t\t<span class=\"elementor-accordion-icon elementor-accordion-icon-right\" aria-hidden=\"true\">\n\t\t\t\t\t\t\t\t\t\t\t\t\t\t\t<span class=\"elementor-accordion-icon-closed\"><svg class=\"e-font-icon-svg e-fas-plus\" viewBox=\"0 0 448 512\" xmlns=\"http:\/\/www.w3.org\/2000\/svg\"><path d=\"M416 208H272V64c0-17.67-14.33-32-32-32h-32c-17.67 0-32 14.33-32 32v144H32c-17.67 0-32 14.33-32 32v32c0 17.67 14.33 32 32 32h144v144c0 17.67 14.33 32 32 32h32c17.67 0 32-14.33 32-32V304h144c17.67 0 32-14.33 32-32v-32c0-17.67-14.33-32-32-32z\"><\/path><\/svg><\/span>\n\t\t\t\t\t\t\t\t<span class=\"elementor-accordion-icon-opened\"><svg class=\"e-font-icon-svg e-fas-minus\" viewBox=\"0 0 448 512\" xmlns=\"http:\/\/www.w3.org\/2000\/svg\"><path d=\"M416 208H32c-17.67 0-32 14.33-32 32v32c0 17.67 14.33 32 32 32h384c17.67 0 32-14.33 32-32v-32c0-17.67-14.33-32-32-32z\"><\/path><\/svg><\/span>\n\t\t\t\t\t\t\t\t\t\t\t\t\t\t<\/span>\n\t\t\t\t\t\t\t\t\t\t\t\t<a class=\"elementor-accordion-title\" tabindex=\"0\">6. Pourquoi est-il avantageux de vendre votre propri\u00e9t\u00e9 avec une agence immobili\u00e8re ?<\/a>\n\t\t\t\t\t<\/div>\n\t\t\t\t\t<div id=\"elementor-tab-content-1596\" class=\"elementor-tab-content elementor-clearfix\" data-tab=\"6\" role=\"region\" aria-labelledby=\"elementor-tab-title-1596\"><p>Une agence immobili\u00e8re apporte une vision strat\u00e9gique, un r\u00e9seau d&#8217;acheteurs qualifi\u00e9s et une ma\u00eetrise compl\u00e8te du processus de vente. Elle permet de positionner votre bien avec pr\u00e9cision, en tenant compte des sp\u00e9cificit\u00e9s du march\u00e9 et d\u2019attirer des acqu\u00e9reurs r\u00e9ellement pertinents.<\/p><p data-start=\"424\" data-end=\"612\">Au-del\u00e0 de la mise en valeur et de la diffusion, elle encadre chaque \u00e9tape, de la premi\u00e8re visite \u00e0 la n\u00e9gociation, afin de s\u00e9curiser la transaction et d\u2019optimiser les conditions de vente.<\/p><p data-start=\"614\" data-end=\"798\">Chez <span class=\"hover:entity-accent entity-underline inline cursor-pointer align-baseline\"><span class=\"whitespace-normal\">Poli Real Estate<\/span><\/span>, cette approche se traduit par une strat\u00e9gie sur mesure, pens\u00e9e pour conjuguer efficacit\u00e9, ma\u00eetrise des d\u00e9lais et valorisation du prix final.<\/p><\/div>\n\t\t\t\t<\/div>\n\t\t\t\t\t\t\t\t<\/div>\n\t\t\t\t<\/div>\n\t\t\t\t<\/div>\n\t\t\t\t<\/div>\n\t\t\t\t<\/div>\n\t\t<div class=\"elementor-element elementor-element-eac625b e-flex e-con-boxed e-con e-parent\" data-id=\"eac625b\" data-element_type=\"container\">\n\t\t\t\t\t<div class=\"e-con-inner\">\n\t\t\t\t<div class=\"elementor-element elementor-element-5c2e5dc elementor-widget elementor-widget-heading\" data-id=\"5c2e5dc\" data-element_type=\"widget\" data-widget_type=\"heading.default\">\n\t\t\t\t<div class=\"elementor-widget-container\">\n\t\t\t<h3 class=\"elementor-heading-title elementor-size-default\">D\u00e9couvrez nos derniers articles<\/h3>\t\t<\/div>\n\t\t\t\t<\/div>\n\t\t\t\t\t<\/div>\n\t\t\t\t<\/div>\n\t\t<div class=\"elementor-element elementor-element-18e1ea6 e-flex e-con-boxed e-con e-parent\" data-id=\"18e1ea6\" data-element_type=\"container\">\n\t\t\t\t\t<div class=\"e-con-inner\">\n\t\t\t\t<div class=\"elementor-element elementor-element-0482ee6 elementor-grid-2 elementor-grid-tablet-2 elementor-grid-mobile-1 elementor-posts--thumbnail-top elementor-widget elementor-widget-posts\" data-id=\"0482ee6\" data-element_type=\"widget\" data-settings=\"{&quot;classic_columns&quot;:&quot;2&quot;,&quot;classic_columns_tablet&quot;:&quot;2&quot;,&quot;classic_columns_mobile&quot;:&quot;1&quot;,&quot;classic_row_gap&quot;:{&quot;unit&quot;:&quot;px&quot;,&quot;size&quot;:35,&quot;sizes&quot;:[]},&quot;classic_row_gap_tablet&quot;:{&quot;unit&quot;:&quot;px&quot;,&quot;size&quot;:&quot;&quot;,&quot;sizes&quot;:[]},&quot;classic_row_gap_mobile&quot;:{&quot;unit&quot;:&quot;px&quot;,&quot;size&quot;:&quot;&quot;,&quot;sizes&quot;:[]}}\" data-widget_type=\"posts.classic\">\n\t\t\t\t<div class=\"elementor-widget-container\">\n\t\t\t\t\t<div class=\"elementor-posts-container elementor-posts elementor-posts--skin-classic elementor-grid\">\n\t\t\t\t<article class=\"elementor-post elementor-grid-item post-396664 post type-post status-publish format-standard has-post-thumbnail hentry category-non-classifiee\">\n\t\t\t\t<a class=\"elementor-post__thumbnail__link\" href=\"https:\/\/poli-real-estate.ch\/en\/residence-les-voiles-vivre-au-rythme-du-leman\/\" tabindex=\"-1\" >\n\t\t\t<div class=\"elementor-post__thumbnail\"><img loading=\"lazy\" loading=\"lazy\" decoding=\"async\" width=\"300\" height=\"169\" src=\"https:\/\/poli-real-estate.ch\/wp-content\/uploads\/2026\/09\/CP3_PA2_cam03_4K-1-300x169.jpg\" class=\"attachment-medium size-medium wp-image-400998\" alt=\"R\u00e9sidence Les Voiles - Paudex Vue terrasse avec piscine\" srcset=\"https:\/\/poli-real-estate.ch\/wp-content\/uploads\/2026\/09\/CP3_PA2_cam03_4K-1-300x169.jpg 300w, https:\/\/poli-real-estate.ch\/wp-content\/uploads\/2026\/09\/CP3_PA2_cam03_4K-1-1024x576.jpg 1024w, https:\/\/poli-real-estate.ch\/wp-content\/uploads\/2026\/09\/CP3_PA2_cam03_4K-1-768x432.jpg 768w, https:\/\/poli-real-estate.ch\/wp-content\/uploads\/2026\/09\/CP3_PA2_cam03_4K-1-1536x864.jpg 1536w, https:\/\/poli-real-estate.ch\/wp-content\/uploads\/2026\/09\/CP3_PA2_cam03_4K-1-2048x1152.jpg 2048w\" sizes=\"(max-width: 300px) 100vw, 300px\" \/><\/div>\n\t\t<\/a>\n\t\t\t\t<div class=\"elementor-post__text\">\n\t\t\t\t<h3 class=\"elementor-post__title\">\n\t\t\t<a href=\"https:\/\/poli-real-estate.ch\/en\/residence-les-voiles-vivre-au-rythme-du-leman\/\" >\n\t\t\t\tR\u00e9sidence Les Voiles : Vivre au rythme du L\u00e9man\t\t\t<\/a>\n\t\t<\/h3>\n\t\t\t\t<div class=\"elementor-post__meta-data\">\n\t\t\t\t\t<span class=\"elementor-post-date\">\n\t\t\t2 September, 2026\t\t<\/span>\n\t\t\t\t<\/div>\n\t\t\n\t\t<a class=\"elementor-post__read-more\" href=\"https:\/\/poli-real-estate.ch\/en\/residence-les-voiles-vivre-au-rythme-du-leman\/\" aria-label=\"Read more about R\u00e9sidence Les Voiles : Vivre au rythme du L\u00e9man\" tabindex=\"-1\" >\n\t\t\tLire l'article \u00bb\t\t<\/a>\n\n\t\t\t\t<\/div>\n\t\t\t\t<\/article>\n\t\t\t\t<article class=\"elementor-post elementor-grid-item post-192177 post type-post status-publish format-standard has-post-thumbnail hentry category-uncategorized\">\n\t\t\t\t<a class=\"elementor-post__thumbnail__link\" href=\"https:\/\/poli-real-estate.ch\/en\/online-real-estate-appraisal-vs-in-person-property-valuation-advantages-and-disadvantages\/\" tabindex=\"-1\" >\n\t\t\t<div class=\"elementor-post__thumbnail\"><img loading=\"lazy\" loading=\"lazy\" decoding=\"async\" width=\"300\" height=\"200\" src=\"https:\/\/poli-real-estate.ch\/wp-content\/uploads\/2024\/08\/2148242898sgsg-300x200.jpeg\" class=\"attachment-medium size-medium wp-image-69456\" alt=\"Estimation immobili\u00e8re en ligne vs Estimation immobili\u00e8re en pr\u00e9sentiel - Image plans d&#039;architecte\n\nPoli Real Estate\" srcset=\"https:\/\/poli-real-estate.ch\/wp-content\/uploads\/2024\/08\/2148242898sgsg-300x200.jpeg 300w, https:\/\/poli-real-estate.ch\/wp-content\/uploads\/2024\/08\/2148242898sgsg-1024x684.jpeg 1024w, https:\/\/poli-real-estate.ch\/wp-content\/uploads\/2024\/08\/2148242898sgsg-768x513.jpeg 768w, https:\/\/poli-real-estate.ch\/wp-content\/uploads\/2024\/08\/2148242898sgsg-1536x1025.jpeg 1536w, https:\/\/poli-real-estate.ch\/wp-content\/uploads\/2024\/08\/2148242898sgsg.jpeg 2000w\" sizes=\"(max-width: 300px) 100vw, 300px\" \/><\/div>\n\t\t<\/a>\n\t\t\t\t<div class=\"elementor-post__text\">\n\t\t\t\t<h3 class=\"elementor-post__title\">\n\t\t\t<a href=\"https:\/\/poli-real-estate.ch\/en\/online-real-estate-appraisal-vs-in-person-property-valuation-advantages-and-disadvantages\/\" >\n\t\t\t\tOnline real estate appraisal vs. in-person property valuation: advantages and disadvantages\t\t\t<\/a>\n\t\t<\/h3>\n\t\t\t\t<div class=\"elementor-post__meta-data\">\n\t\t\t\t\t<span class=\"elementor-post-date\">\n\t\t\t15 April, 2026\t\t<\/span>\n\t\t\t\t<\/div>\n\t\t\n\t\t<a class=\"elementor-post__read-more\" href=\"https:\/\/poli-real-estate.ch\/en\/online-real-estate-appraisal-vs-in-person-property-valuation-advantages-and-disadvantages\/\" aria-label=\"Read more about Online real estate appraisal vs. in-person property valuation: advantages and disadvantages\" tabindex=\"-1\" >\n\t\t\tLire l'article \u00bb\t\t<\/a>\n\n\t\t\t\t<\/div>\n\t\t\t\t<\/article>\n\t\t\t\t<\/div>\n\t\t\n\t\t\t\t<\/div>\n\t\t\t\t<\/div>\n\t\t\t\t\t<\/div>\n\t\t\t\t<\/div>\n\t\t\t\t<\/div>\n\t\t\t\t<\/div>\n\t\t\t\t<\/div>\n\t\t\t\t<\/div>\n\t\t\t\t<\/div>\n\t\t","protected":false},"excerpt":{"rendered":"<p>Les Voiles : Vivre au rythme du L\u00e9man \u00c0 Paudex, la R\u00e9sidence Les Voiles r\u00e9unit<\/p>\n","protected":false},"author":9,"featured_media":400998,"comment_status":"closed","ping_status":"open","sticky":false,"template":"elementor_header_footer","format":"standard","meta":{"_acf_changed":false,"inline_featured_image":false,"footnotes":""},"categories":[1],"tags":[],"class_list":["post-396664","post","type-post","status-publish","format-standard","has-post-thumbnail","hentry","category-non-classifiee"],"acf":[],"yoast_head":"<!-- This site is optimized with the Yoast SEO Premium plugin v19.5 (Yoast SEO v19.10) - https:\/\/yoast.com\/wordpress\/plugins\/seo\/ -->\n<title>R\u00e9sidence Les Voiles : Vivre au rythme du L\u00e9man | Poli Real Estate<\/title>\n<meta name=\"description\" content=\"Vivez au rythme du L\u00e9man \u00e0 la R\u00e9sidence Les Voiles. D\u00e9couvrez un cadre unique, avec terrasses et piscine privatives sur les quais de Paudex.\" \/>\n<meta name=\"robots\" content=\"index, follow, max-snippet:-1, max-image-preview:large, max-video-preview:-1\" \/>\n<link rel=\"canonical\" href=\"https:\/\/poli-real-estate.ch\/residence-les-voiles-vivre-au-rythme-du-leman\/\" \/>\n<meta property=\"og:locale\" content=\"en_US\" \/>\n<meta property=\"og:type\" content=\"article\" \/>\n<meta property=\"og:title\" content=\"R\u00e9sidence Les Voiles : Vivre au rythme du L\u00e9man\" \/>\n<meta property=\"og:description\" content=\"Vivez au rythme du L\u00e9man \u00e0 la R\u00e9sidence Les Voiles. D\u00e9couvrez un cadre unique, avec terrasses et piscine privatives sur les quais de Paudex.\" \/>\n<meta property=\"og:url\" content=\"https:\/\/poli-real-estate.ch\/residence-les-voiles-vivre-au-rythme-du-leman\/\" \/>\n<meta property=\"og:site_name\" content=\"Poli Real Estate\" \/>\n<meta property=\"article:publisher\" content=\"https:\/\/www.facebook.com\/PRE.Pully\" \/>\n<meta property=\"article:published_time\" content=\"2026-09-02T12:25:43+00:00\" \/>\n<meta property=\"article:modified_time\" content=\"2026-09-02T13:13:01+00:00\" \/>\n<meta property=\"og:image\" content=\"https:\/\/poli-real-estate.ch\/wp-content\/uploads\/2026\/09\/CP3_PA2_cam03_4K-1-scaled.jpg\" \/>\n\t<meta property=\"og:image:width\" content=\"2560\" \/>\n\t<meta property=\"og:image:height\" content=\"1440\" \/>\n\t<meta property=\"og:image:type\" content=\"image\/jpeg\" \/>\n<meta name=\"author\" content=\"DIGITALDUO\" \/>\n<meta name=\"twitter:card\" content=\"summary_large_image\" \/>\n<meta name=\"twitter:label1\" content=\"Written by\" \/>\n\t<meta name=\"twitter:data1\" content=\"DIGITALDUO\" \/>\n\t<meta name=\"twitter:label2\" content=\"Est. reading time\" \/>\n\t<meta name=\"twitter:data2\" content=\"29 minutes\" \/>\n<script type=\"application\/ld+json\" class=\"yoast-schema-graph\">{\"@context\":\"https:\/\/schema.org\",\"@graph\":[{\"@type\":\"Article\",\"@id\":\"https:\/\/poli-real-estate.ch\/residence-les-voiles-vivre-au-rythme-du-leman\/#article\",\"isPartOf\":{\"@id\":\"https:\/\/poli-real-estate.ch\/residence-les-voiles-vivre-au-rythme-du-leman\/\"},\"author\":{\"name\":\"DIGITALDUO\",\"@id\":\"https:\/\/poli-real-estate.ch\/#\/schema\/person\/1577e901e3045a1bc9f89df94f2d7424\"},\"headline\":\"R\u00e9sidence Les Voiles : Vivre au rythme du L\u00e9man\",\"datePublished\":\"2026-09-02T12:25:43+00:00\",\"dateModified\":\"2026-09-02T13:13:01+00:00\",\"mainEntityOfPage\":{\"@id\":\"https:\/\/poli-real-estate.ch\/residence-les-voiles-vivre-au-rythme-du-leman\/\"},\"wordCount\":1510,\"publisher\":{\"@id\":\"https:\/\/poli-real-estate.ch\/#organization\"},\"articleSection\":[\"Non classifi\u00e9(e)\"],\"inLanguage\":\"en-US\"},{\"@type\":\"WebPage\",\"@id\":\"https:\/\/poli-real-estate.ch\/residence-les-voiles-vivre-au-rythme-du-leman\/\",\"url\":\"https:\/\/poli-real-estate.ch\/residence-les-voiles-vivre-au-rythme-du-leman\/\",\"name\":\"R\u00e9sidence Les Voiles : Vivre au rythme du L\u00e9man | Poli Real Estate\",\"isPartOf\":{\"@id\":\"https:\/\/poli-real-estate.ch\/#website\"},\"datePublished\":\"2026-09-02T12:25:43+00:00\",\"dateModified\":\"2026-09-02T13:13:01+00:00\",\"description\":\"Vivez au rythme du L\u00e9man \u00e0 la R\u00e9sidence Les Voiles. D\u00e9couvrez un cadre unique, avec terrasses et piscine privatives sur les quais de Paudex.\",\"breadcrumb\":{\"@id\":\"https:\/\/poli-real-estate.ch\/residence-les-voiles-vivre-au-rythme-du-leman\/#breadcrumb\"},\"inLanguage\":\"en-US\",\"potentialAction\":[{\"@type\":\"ReadAction\",\"target\":[\"https:\/\/poli-real-estate.ch\/residence-les-voiles-vivre-au-rythme-du-leman\/\"]}]},{\"@type\":\"BreadcrumbList\",\"@id\":\"https:\/\/poli-real-estate.ch\/residence-les-voiles-vivre-au-rythme-du-leman\/#breadcrumb\",\"itemListElement\":[{\"@type\":\"ListItem\",\"position\":1,\"name\":\"Accueil\",\"item\":\"https:\/\/poli-real-estate.ch\/\"},{\"@type\":\"ListItem\",\"position\":2,\"name\":\"R\u00e9sidence Les Voiles : Vivre au rythme du L\u00e9man\"}]},{\"@type\":\"WebSite\",\"@id\":\"https:\/\/poli-real-estate.ch\/#website\",\"url\":\"https:\/\/poli-real-estate.ch\/\",\"name\":\"Poli Real Estate\",\"description\":\"Agence immobili\u00e8re | Pully - Lausanne\",\"publisher\":{\"@id\":\"https:\/\/poli-real-estate.ch\/#organization\"},\"potentialAction\":[{\"@type\":\"SearchAction\",\"target\":{\"@type\":\"EntryPoint\",\"urlTemplate\":\"https:\/\/poli-real-estate.ch\/?s={search_term_string}\"},\"query-input\":\"required name=search_term_string\"}],\"inLanguage\":\"en-US\"},{\"@type\":\"Organization\",\"@id\":\"https:\/\/poli-real-estate.ch\/#organization\",\"name\":\"Poli Real Estate\",\"url\":\"https:\/\/poli-real-estate.ch\/\",\"logo\":{\"@type\":\"ImageObject\",\"inLanguage\":\"en-US\",\"@id\":\"https:\/\/poli-real-estate.ch\/#\/schema\/logo\/image\/\",\"url\":\"https:\/\/poli-real-estate.ch\/wp-content\/uploads\/2021\/08\/poli-black.png\",\"contentUrl\":\"https:\/\/poli-real-estate.ch\/wp-content\/uploads\/2021\/08\/poli-black.png\",\"width\":161,\"height\":70,\"caption\":\"Poli Real Estate\"},\"image\":{\"@id\":\"https:\/\/poli-real-estate.ch\/#\/schema\/logo\/image\/\"},\"sameAs\":[\"https:\/\/www.linkedin.com\/company\/poli-real-estate-sa\/\",\"https:\/\/www.instagram.com\/polirealestate\/\",\"https:\/\/www.youtube.com\/channel\/UCH9zHYtqstsuOqlBnhWtwMg?app=desktop\",\"https:\/\/www.facebook.com\/PRE.Pully\"]},{\"@type\":\"Person\",\"@id\":\"https:\/\/poli-real-estate.ch\/#\/schema\/person\/1577e901e3045a1bc9f89df94f2d7424\",\"name\":\"DIGITALDUO\",\"image\":{\"@type\":\"ImageObject\",\"inLanguage\":\"en-US\",\"@id\":\"https:\/\/poli-real-estate.ch\/#\/schema\/person\/image\/\",\"url\":\"https:\/\/secure.gravatar.com\/avatar\/7f241edb7f351f11e7c60132f62cfe7a?s=96&d=mm&r=g\",\"contentUrl\":\"https:\/\/secure.gravatar.com\/avatar\/7f241edb7f351f11e7c60132f62cfe7a?s=96&d=mm&r=g\",\"caption\":\"DIGITALDUO\"}}]}<\/script>\n<!-- \/ Yoast SEO Premium plugin. -->","yoast_head_json":{"title":"R\u00e9sidence Les Voiles : Vivre au rythme du L\u00e9man | Poli Real Estate","description":"Vivez au rythme du L\u00e9man \u00e0 la R\u00e9sidence Les Voiles. D\u00e9couvrez un cadre unique, avec terrasses et piscine privatives sur les quais de Paudex.","robots":{"index":"index","follow":"follow","max-snippet":"max-snippet:-1","max-image-preview":"max-image-preview:large","max-video-preview":"max-video-preview:-1"},"canonical":"https:\/\/poli-real-estate.ch\/residence-les-voiles-vivre-au-rythme-du-leman\/","og_locale":"en_US","og_type":"article","og_title":"R\u00e9sidence Les Voiles : Vivre au rythme du L\u00e9man","og_description":"Vivez au rythme du L\u00e9man \u00e0 la R\u00e9sidence Les Voiles. D\u00e9couvrez un cadre unique, avec terrasses et piscine privatives sur les quais de Paudex.","og_url":"https:\/\/poli-real-estate.ch\/residence-les-voiles-vivre-au-rythme-du-leman\/","og_site_name":"Poli Real Estate","article_publisher":"https:\/\/www.facebook.com\/PRE.Pully","article_published_time":"2026-09-02T12:25:43+00:00","article_modified_time":"2026-09-02T13:13:01+00:00","og_image":[{"width":2560,"height":1440,"url":"https:\/\/poli-real-estate.ch\/wp-content\/uploads\/2026\/09\/CP3_PA2_cam03_4K-1-scaled.jpg","type":"image\/jpeg"}],"author":"DIGITALDUO","twitter_card":"summary_large_image","twitter_misc":{"Written by":"DIGITALDUO","Est. reading time":"29 minutes"},"schema":{"@context":"https:\/\/schema.org","@graph":[{"@type":"Article","@id":"https:\/\/poli-real-estate.ch\/residence-les-voiles-vivre-au-rythme-du-leman\/#article","isPartOf":{"@id":"https:\/\/poli-real-estate.ch\/residence-les-voiles-vivre-au-rythme-du-leman\/"},"author":{"name":"DIGITALDUO","@id":"https:\/\/poli-real-estate.ch\/#\/schema\/person\/1577e901e3045a1bc9f89df94f2d7424"},"headline":"R\u00e9sidence Les Voiles : Vivre au rythme du L\u00e9man","datePublished":"2026-09-02T12:25:43+00:00","dateModified":"2026-09-02T13:13:01+00:00","mainEntityOfPage":{"@id":"https:\/\/poli-real-estate.ch\/residence-les-voiles-vivre-au-rythme-du-leman\/"},"wordCount":1510,"publisher":{"@id":"https:\/\/poli-real-estate.ch\/#organization"},"articleSection":["Non classifi\u00e9(e)"],"inLanguage":"en-US"},{"@type":"WebPage","@id":"https:\/\/poli-real-estate.ch\/residence-les-voiles-vivre-au-rythme-du-leman\/","url":"https:\/\/poli-real-estate.ch\/residence-les-voiles-vivre-au-rythme-du-leman\/","name":"R\u00e9sidence Les Voiles : Vivre au rythme du L\u00e9man | Poli Real Estate","isPartOf":{"@id":"https:\/\/poli-real-estate.ch\/#website"},"datePublished":"2026-09-02T12:25:43+00:00","dateModified":"2026-09-02T13:13:01+00:00","description":"Vivez au rythme du L\u00e9man \u00e0 la R\u00e9sidence Les Voiles. D\u00e9couvrez un cadre unique, avec terrasses et piscine privatives sur les quais de Paudex.","breadcrumb":{"@id":"https:\/\/poli-real-estate.ch\/residence-les-voiles-vivre-au-rythme-du-leman\/#breadcrumb"},"inLanguage":"en-US","potentialAction":[{"@type":"ReadAction","target":["https:\/\/poli-real-estate.ch\/residence-les-voiles-vivre-au-rythme-du-leman\/"]}]},{"@type":"BreadcrumbList","@id":"https:\/\/poli-real-estate.ch\/residence-les-voiles-vivre-au-rythme-du-leman\/#breadcrumb","itemListElement":[{"@type":"ListItem","position":1,"name":"Accueil","item":"https:\/\/poli-real-estate.ch\/"},{"@type":"ListItem","position":2,"name":"R\u00e9sidence Les Voiles : Vivre au rythme du L\u00e9man"}]},{"@type":"WebSite","@id":"https:\/\/poli-real-estate.ch\/#website","url":"https:\/\/poli-real-estate.ch\/","name":"Poli Real Estate","description":"Agence immobili\u00e8re | Pully - Lausanne","publisher":{"@id":"https:\/\/poli-real-estate.ch\/#organization"},"potentialAction":[{"@type":"SearchAction","target":{"@type":"EntryPoint","urlTemplate":"https:\/\/poli-real-estate.ch\/?s={search_term_string}"},"query-input":"required name=search_term_string"}],"inLanguage":"en-US"},{"@type":"Organization","@id":"https:\/\/poli-real-estate.ch\/#organization","name":"Poli Real Estate","url":"https:\/\/poli-real-estate.ch\/","logo":{"@type":"ImageObject","inLanguage":"en-US","@id":"https:\/\/poli-real-estate.ch\/#\/schema\/logo\/image\/","url":"https:\/\/poli-real-estate.ch\/wp-content\/uploads\/2021\/08\/poli-black.png","contentUrl":"https:\/\/poli-real-estate.ch\/wp-content\/uploads\/2021\/08\/poli-black.png","width":161,"height":70,"caption":"Poli Real Estate"},"image":{"@id":"https:\/\/poli-real-estate.ch\/#\/schema\/logo\/image\/"},"sameAs":["https:\/\/www.linkedin.com\/company\/poli-real-estate-sa\/","https:\/\/www.instagram.com\/polirealestate\/","https:\/\/www.youtube.com\/channel\/UCH9zHYtqstsuOqlBnhWtwMg?app=desktop","https:\/\/www.facebook.com\/PRE.Pully"]},{"@type":"Person","@id":"https:\/\/poli-real-estate.ch\/#\/schema\/person\/1577e901e3045a1bc9f89df94f2d7424","name":"DIGITALDUO","image":{"@type":"ImageObject","inLanguage":"en-US","@id":"https:\/\/poli-real-estate.ch\/#\/schema\/person\/image\/","url":"https:\/\/secure.gravatar.com\/avatar\/7f241edb7f351f11e7c60132f62cfe7a?s=96&d=mm&r=g","contentUrl":"https:\/\/secure.gravatar.com\/avatar\/7f241edb7f351f11e7c60132f62cfe7a?s=96&d=mm&r=g","caption":"DIGITALDUO"}}]}},"_links":{"self":[{"href":"https:\/\/poli-real-estate.ch\/en\/wp-json\/wp\/v2\/posts\/396664"}],"collection":[{"href":"https:\/\/poli-real-estate.ch\/en\/wp-json\/wp\/v2\/posts"}],"about":[{"href":"https:\/\/poli-real-estate.ch\/en\/wp-json\/wp\/v2\/types\/post"}],"author":[{"embeddable":true,"href":"https:\/\/poli-real-estate.ch\/en\/wp-json\/wp\/v2\/users\/9"}],"replies":[{"embeddable":true,"href":"https:\/\/poli-real-estate.ch\/en\/wp-json\/wp\/v2\/comments?post=396664"}],"version-history":[{"count":55,"href":"https:\/\/poli-real-estate.ch\/en\/wp-json\/wp\/v2\/posts\/396664\/revisions"}],"predecessor-version":[{"id":401004,"href":"https:\/\/poli-real-estate.ch\/en\/wp-json\/wp\/v2\/posts\/396664\/revisions\/401004"}],"wp:featuredmedia":[{"embeddable":true,"href":"https:\/\/poli-real-estate.ch\/en\/wp-json\/wp\/v2\/media\/400998"}],"wp:attachment":[{"href":"https:\/\/poli-real-estate.ch\/en\/wp-json\/wp\/v2\/media?parent=396664"}],"wp:term":[{"taxonomy":"category","embeddable":true,"href":"https:\/\/poli-real-estate.ch\/en\/wp-json\/wp\/v2\/categories?post=396664"},{"taxonomy":"post_tag","embeddable":true,"href":"https:\/\/poli-real-estate.ch\/en\/wp-json\/wp\/v2\/tags?post=396664"}],"curies":[{"name":"wp","href":"https:\/\/api.w.org\/{rel}","templated":true}]}}