{"id":198996,"date":"2023-09-01T13:27:24","date_gmt":"2023-09-01T11:27:24","guid":{"rendered":"https:\/\/poli-real-estate.ch\/?p=198996"},"modified":"2025-02-27T15:09:26","modified_gmt":"2025-02-27T14:09:26","slug":"modern-poetry-enhance-your-garden-agefi-immo","status":"publish","type":"post","link":"https:\/\/poli-real-estate.ch\/en\/modern-poetry-enhance-your-garden-agefi-immo\/","title":{"rendered":"Modern Poetry \u2013 Enhance Your Garden"},"content":{"rendered":"\t\t<div data-elementor-type=\"wp-post\" data-elementor-id=\"198996\" class=\"elementor elementor-198996 elementor-65528\" data-elementor-post-type=\"post\">\n\t\t\t\t<div class=\"elementor-element elementor-element-f8f3e0c e-flex e-con-boxed e-con e-parent\" data-id=\"f8f3e0c\" data-element_type=\"container\">\n\t\t\t\t\t<div class=\"e-con-inner\">\n\t\t\t\t<div class=\"elementor-element elementor-element-0ad5a3c elementor-widget elementor-widget-text-editor\" data-id=\"0ad5a3c\" data-element_type=\"widget\" data-widget_type=\"text-editor.default\">\n\t\t\t\t<div class=\"elementor-widget-container\">\n\t\t\t<style>\/*! elementor - v3.21.0 - 26-05-2024 *\/\n.elementor-widget-text-editor.elementor-drop-cap-view-stacked .elementor-drop-cap{background-color:#69727d;color:#fff}.elementor-widget-text-editor.elementor-drop-cap-view-framed .elementor-drop-cap{color:#69727d;border:3px solid;background-color:transparent}.elementor-widget-text-editor:not(.elementor-drop-cap-view-default) .elementor-drop-cap{margin-top:8px}.elementor-widget-text-editor:not(.elementor-drop-cap-view-default) .elementor-drop-cap-letter{width:1em;height:1em}.elementor-widget-text-editor .elementor-drop-cap{float:left;text-align:center;line-height:1;font-size:50px}.elementor-widget-text-editor .elementor-drop-cap-letter{display:inline-block}<\/style>\t\t\t\t<p>A place of relaxation and daydreaming, the garden is a magical space\u2014a bubble of serenity where trees, flowers, colors, and scents flourish. Not only does it enhance quality of life, but a well-designed garden is also a valuable investment that adds significant value to a property.<\/p><p>Just as first impressions are crucial in professional or personal encounters, the initial view of a property plays a vital role in shaping future perceptions. The garden serves as the property&#8217;s calling card, setting the scene before stepping inside. It not only adds charm to the house but also helps potential buyers envision themselves living there\u2014whether lounging with a book or picking fresh herbs and tomatoes from a cozy vegetable patch near the kitchen.<\/p><p>&#8220;The garden is becoming increasingly important,&#8221; says Lorenzo Poli, founder of Poli Real Estate in Pully. &#8220;It has evolved into an additional living space. When well-maintained and thoughtfully designed, it becomes a powerful selling point for a house.&#8221;<\/p>\t\t\t\t\t\t<\/div>\n\t\t\t\t<\/div>\n\t\t\t\t\t<\/div>\n\t\t\t\t<\/div>\n\t\t<div class=\"elementor-element elementor-element-2ca9d8b e-flex e-con-boxed e-con e-parent\" data-id=\"2ca9d8b\" data-element_type=\"container\">\n\t\t\t\t\t<div class=\"e-con-inner\">\n\t\t\t\t<div class=\"elementor-element elementor-element-cd70bf1 elementor-widget elementor-widget-image\" data-id=\"cd70bf1\" data-element_type=\"widget\" data-widget_type=\"image.default\">\n\t\t\t\t<div class=\"elementor-widget-container\">\n\t\t\t<style>\/*! elementor - v3.21.0 - 26-05-2024 *\/\n.elementor-widget-image{text-align:center}.elementor-widget-image a{display:inline-block}.elementor-widget-image a img[src$=\".svg\"]{width:48px}.elementor-widget-image img{vertical-align:middle;display:inline-block}<\/style>\t\t\t\t\t\t\t\t\t\t<img fetchpriority=\"high\" decoding=\"async\" width=\"640\" height=\"480\" src=\"https:\/\/poli-real-estate.ch\/wp-content\/uploads\/2023\/09\/DJI_0061-1024x768.jpg\" class=\"attachment-large size-large wp-image-67242\" alt=\"\" srcset=\"https:\/\/poli-real-estate.ch\/wp-content\/uploads\/2023\/09\/DJI_0061-1024x768.jpg 1024w, https:\/\/poli-real-estate.ch\/wp-content\/uploads\/2023\/09\/DJI_0061-300x225.jpg 300w, https:\/\/poli-real-estate.ch\/wp-content\/uploads\/2023\/09\/DJI_0061-768x576.jpg 768w, https:\/\/poli-real-estate.ch\/wp-content\/uploads\/2023\/09\/DJI_0061-1536x1152.jpg 1536w, https:\/\/poli-real-estate.ch\/wp-content\/uploads\/2023\/09\/DJI_0061-2048x1536.jpg 2048w\" sizes=\"(max-width: 640px) 100vw, 640px\" \/>\t\t\t\t\t\t\t\t\t\t\t\t\t<\/div>\n\t\t\t\t<\/div>\n\t\t\t\t\t<\/div>\n\t\t\t\t<\/div>\n\t\t<div class=\"elementor-element elementor-element-15b7c2b e-flex e-con-boxed e-con e-parent\" data-id=\"15b7c2b\" data-element_type=\"container\">\n\t\t\t\t\t<div class=\"e-con-inner\">\n\t\t\t\t<div class=\"elementor-element elementor-element-7d30054 elementor-widget elementor-widget-text-editor\" data-id=\"7d30054\" data-element_type=\"widget\" data-widget_type=\"text-editor.default\">\n\t\t\t\t<div class=\"elementor-widget-container\">\n\t\t\t\t\t\t\t<p data-start=\"0\" data-end=\"661\">However, as Lorenzo Poli points out, planning a garden\u2019s layout requires careful consideration and a comprehensive vision. It\u2019s essential to plant vegetation at the right time, taking into account growth patterns and blooming seasons.\u00a0<\/p><p data-start=\"0\" data-end=\"661\">\u201c<i>The perception of the garden has changed significantly in recent years<\/i>,\u201d explains Lorenzo Poli.\u00a0<\/p><p data-start=\"0\" data-end=\"661\">\u201cIt\u2019s no longer just about beauty; the garden is now seen as a hub of activity that evolves throughout the day. It should feature different areas\u2014both sunny and shaded\u2014designed for sharing a coffee or a meal, relaxing, or playing. This can include specific installations like a p\u00e9tanque court, a swing, or even a swimming pool.\u00a0<span style=\"letter-spacing: 0.02em; background-color: var(--bs-body-bg);\">There\u2019s also space for a vegetable garden, which should be practical and enjoyable to maintain, without becoming a chore.\u201d<\/span><\/p>\t\t\t\t\t\t<\/div>\n\t\t\t\t<\/div>\n\t\t\t\t\t<\/div>\n\t\t\t\t<\/div>\n\t\t<div class=\"elementor-element elementor-element-b66d877 e-flex e-con-boxed e-con e-parent\" data-id=\"b66d877\" data-element_type=\"container\">\n\t\t\t\t\t<div class=\"e-con-inner\">\n\t\t<div class=\"elementor-element elementor-element-74339ef e-con-full e-flex e-con e-child\" data-id=\"74339ef\" data-element_type=\"container\">\n\t\t\t\t<div class=\"elementor-element elementor-element-84f8772 elementor-widget elementor-widget-image\" data-id=\"84f8772\" data-element_type=\"widget\" data-widget_type=\"image.default\">\n\t\t\t\t<div class=\"elementor-widget-container\">\n\t\t\t\t\t\t\t\t\t\t\t\t\t<img decoding=\"async\" width=\"640\" height=\"480\" src=\"https:\/\/poli-real-estate.ch\/wp-content\/uploads\/2023\/09\/DJI_0069-1024x768.jpg\" class=\"attachment-large size-large wp-image-67249\" alt=\"\" srcset=\"https:\/\/poli-real-estate.ch\/wp-content\/uploads\/2023\/09\/DJI_0069-1024x768.jpg 1024w, https:\/\/poli-real-estate.ch\/wp-content\/uploads\/2023\/09\/DJI_0069-300x225.jpg 300w, https:\/\/poli-real-estate.ch\/wp-content\/uploads\/2023\/09\/DJI_0069-768x576.jpg 768w, https:\/\/poli-real-estate.ch\/wp-content\/uploads\/2023\/09\/DJI_0069-1536x1152.jpg 1536w, https:\/\/poli-real-estate.ch\/wp-content\/uploads\/2023\/09\/DJI_0069-2048x1536.jpg 2048w\" sizes=\"(max-width: 640px) 100vw, 640px\" \/>\t\t\t\t\t\t\t\t\t\t\t\t\t<\/div>\n\t\t\t\t<\/div>\n\t\t\t\t<\/div>\n\t\t<div class=\"elementor-element elementor-element-d92cda3 e-con-full e-flex e-con e-child\" data-id=\"d92cda3\" data-element_type=\"container\">\n\t\t\t\t<div class=\"elementor-element elementor-element-5a1f093 elementor-widget elementor-widget-image\" data-id=\"5a1f093\" data-element_type=\"widget\" data-widget_type=\"image.default\">\n\t\t\t\t<div class=\"elementor-widget-container\">\n\t\t\t\t\t\t\t\t\t\t\t\t\t<img decoding=\"async\" width=\"640\" height=\"480\" src=\"https:\/\/poli-real-estate.ch\/wp-content\/uploads\/2023\/09\/DJI_0065-1024x768.jpg\" class=\"attachment-large size-large wp-image-67251\" alt=\"\" srcset=\"https:\/\/poli-real-estate.ch\/wp-content\/uploads\/2023\/09\/DJI_0065-1024x768.jpg 1024w, https:\/\/poli-real-estate.ch\/wp-content\/uploads\/2023\/09\/DJI_0065-300x225.jpg 300w, https:\/\/poli-real-estate.ch\/wp-content\/uploads\/2023\/09\/DJI_0065-768x576.jpg 768w, https:\/\/poli-real-estate.ch\/wp-content\/uploads\/2023\/09\/DJI_0065-1536x1152.jpg 1536w, https:\/\/poli-real-estate.ch\/wp-content\/uploads\/2023\/09\/DJI_0065-2048x1536.jpg 2048w\" sizes=\"(max-width: 640px) 100vw, 640px\" \/>\t\t\t\t\t\t\t\t\t\t\t\t\t<\/div>\n\t\t\t\t<\/div>\n\t\t\t\t<\/div>\n\t\t\t\t\t<\/div>\n\t\t\t\t<\/div>\n\t\t<div class=\"elementor-element elementor-element-4e2c53a e-flex e-con-boxed e-con e-parent\" data-id=\"4e2c53a\" data-element_type=\"container\">\n\t\t\t\t\t<div class=\"e-con-inner\">\n\t\t\t\t<div class=\"elementor-element elementor-element-91b4351 elementor-widget elementor-widget-text-editor\" data-id=\"91b4351\" data-element_type=\"widget\" data-widget_type=\"text-editor.default\">\n\t\t\t\t<div class=\"elementor-widget-container\">\n\t\t\t\t\t\t\t<p><span style=\"background-color: var(--bs-body-bg); letter-spacing: 0.02em;\">In this context, hiring a landscape architect can be a real asset. \u201cA professional will select the right plants, preventing the need to replace them shortly after planting due to poor survival rates\u2014saving both time and money,\u201d explains Lorenzo Poli.<\/span><\/p><p>A common mistake is planting a blue spruce, which appeals to many homeowners due to its beauty. However, as it grows, the tree may provide privacy but also obstructs the view. Once mature, removing it becomes challenging, and what was intended to be a selling point can turn into a drawback.<\/p><p>On the other hand, strategically placed deciduous trees provide shade and coolness in the summer while allowing light to enter the home during winter\u2014an attractive selling point. Additionally, as Lorenzo Poli points out, \u201ctrees can also enhance energy efficiency.\u201d<\/p>\t\t\t\t\t\t<\/div>\n\t\t\t\t<\/div>\n\t\t\t\t\t<\/div>\n\t\t\t\t<\/div>\n\t\t<div class=\"elementor-element elementor-element-337feb6 e-flex e-con-boxed e-con e-parent\" data-id=\"337feb6\" data-element_type=\"container\">\n\t\t\t\t\t<div class=\"e-con-inner\">\n\t\t\t\t<div class=\"elementor-element elementor-element-30dc342 elementor-widget elementor-widget-image\" data-id=\"30dc342\" data-element_type=\"widget\" data-widget_type=\"image.default\">\n\t\t\t\t<div class=\"elementor-widget-container\">\n\t\t\t\t\t\t\t\t\t\t\t\t\t<img loading=\"lazy\" decoding=\"async\" width=\"640\" height=\"480\" src=\"https:\/\/poli-real-estate.ch\/wp-content\/uploads\/2023\/09\/jardin-3-1024x768.jpg\" class=\"attachment-large size-large wp-image-67253\" alt=\"\" srcset=\"https:\/\/poli-real-estate.ch\/wp-content\/uploads\/2023\/09\/jardin-3-1024x768.jpg 1024w, https:\/\/poli-real-estate.ch\/wp-content\/uploads\/2023\/09\/jardin-3-300x225.jpg 300w, https:\/\/poli-real-estate.ch\/wp-content\/uploads\/2023\/09\/jardin-3-768x576.jpg 768w, https:\/\/poli-real-estate.ch\/wp-content\/uploads\/2023\/09\/jardin-3-1536x1152.jpg 1536w, https:\/\/poli-real-estate.ch\/wp-content\/uploads\/2023\/09\/jardin-3-2048x1536.jpg 2048w\" sizes=\"(max-width: 640px) 100vw, 640px\" \/>\t\t\t\t\t\t\t\t\t\t\t\t\t<\/div>\n\t\t\t\t<\/div>\n\t\t\t\t\t<\/div>\n\t\t\t\t<\/div>\n\t\t<div class=\"elementor-element elementor-element-299c392 e-flex e-con-boxed e-con e-parent\" data-id=\"299c392\" data-element_type=\"container\">\n\t\t\t\t\t<div class=\"e-con-inner\">\n\t\t\t\t<div class=\"elementor-element elementor-element-ff1fa13 elementor-widget elementor-widget-text-editor\" data-id=\"ff1fa13\" data-element_type=\"widget\" data-widget_type=\"text-editor.default\">\n\t\t\t\t<div class=\"elementor-widget-container\">\n\t\t\t\t\t\t\t<p>Strategic planting can also help repel mosquitoes and promote biodiversity by attracting small wildlife such as birds, butterflies, lizards, and bees. Adding birdhouses and insect hotels can further enhance the vibrancy of the garden, creating a lively ecosystem.<\/p><p>Lorenzo Poli emphasizes the importance of considering the garden right from the house\u2019s design stage. \u201cHomeowners often focus too much on the interiors, leaving the garden as an afterthought, when it should be envisioned as an extension of the living space. Over the years, the garden will grow and become more beautiful, adding substantial long-term value to the property.\u201d<\/p><p>However, contrary to popular belief, a luxurious garden worthy of a magazine cover isn\u2019t always an advantage. While it may immediately impress potential buyers, they might also be deterred by the perceived maintenance demands and costs associated with its upkeep.<\/p><p>Lorenzo Poli therefore advises opting for a welcoming, easy-to-maintain garden that feels more like a pleasure to care for rather than a burden.<\/p><p>\u00a0<\/p><p>Text from <a href=\"https:\/\/agefi.com\/publications\/les-magazines\/achat-edition-immo\">Agefi Immo magazine<\/a>, written by Julia Rossi.<\/p>\t\t\t\t\t\t<\/div>\n\t\t\t\t<\/div>\n\t\t\t\t\t<\/div>\n\t\t\t\t<\/div>\n\t\t<div class=\"elementor-element elementor-element-2b7cd22 e-flex e-con-boxed e-con e-parent\" data-id=\"2b7cd22\" data-element_type=\"container\">\n\t\t\t\t\t<div class=\"e-con-inner\">\n\t\t\t\t<div class=\"elementor-element elementor-element-a0901ff elementor-widget elementor-widget-heading\" data-id=\"a0901ff\" data-element_type=\"widget\" data-widget_type=\"heading.default\">\n\t\t\t\t<div class=\"elementor-widget-container\">\n\t\t\t<style>\/*! elementor - v3.21.0 - 26-05-2024 *\/\n.elementor-heading-title{padding:0;margin:0;line-height:1}.elementor-widget-heading .elementor-heading-title[class*=elementor-size-]>a{color:inherit;font-size:inherit;line-height:inherit}.elementor-widget-heading .elementor-heading-title.elementor-size-small{font-size:15px}.elementor-widget-heading .elementor-heading-title.elementor-size-medium{font-size:19px}.elementor-widget-heading .elementor-heading-title.elementor-size-large{font-size:29px}.elementor-widget-heading .elementor-heading-title.elementor-size-xl{font-size:39px}.elementor-widget-heading .elementor-heading-title.elementor-size-xxl{font-size:59px}<\/style><h3 class=\"elementor-heading-title elementor-size-default\">Discover our latest articles<\/h3>\t\t<\/div>\n\t\t\t\t<\/div>\n\t\t\t\t\t<\/div>\n\t\t\t\t<\/div>\n\t\t<div class=\"elementor-element elementor-element-05d9ede e-flex e-con-boxed e-con e-parent\" data-id=\"05d9ede\" data-element_type=\"container\">\n\t\t\t\t\t<div class=\"e-con-inner\">\n\t\t\t\t<div class=\"elementor-element elementor-element-e7abcd7 elementor-grid-2 elementor-grid-tablet-2 elementor-grid-mobile-1 elementor-posts--thumbnail-top elementor-widget elementor-widget-posts\" data-id=\"e7abcd7\" data-element_type=\"widget\" data-settings=\"{&quot;classic_columns&quot;:&quot;2&quot;,&quot;classic_columns_tablet&quot;:&quot;2&quot;,&quot;classic_columns_mobile&quot;:&quot;1&quot;,&quot;classic_row_gap&quot;:{&quot;unit&quot;:&quot;px&quot;,&quot;size&quot;:35,&quot;sizes&quot;:[]},&quot;classic_row_gap_tablet&quot;:{&quot;unit&quot;:&quot;px&quot;,&quot;size&quot;:&quot;&quot;,&quot;sizes&quot;:[]},&quot;classic_row_gap_mobile&quot;:{&quot;unit&quot;:&quot;px&quot;,&quot;size&quot;:&quot;&quot;,&quot;sizes&quot;:[]}}\" data-widget_type=\"posts.classic\">\n\t\t\t\t<div class=\"elementor-widget-container\">\n\t\t\t<link rel=\"stylesheet\" href=\"https:\/\/poli-real-estate.ch\/wp-content\/plugins\/elementor-pro\/assets\/css\/widget-posts.min.css\">\t\t<div class=\"elementor-posts-container elementor-posts elementor-posts--skin-classic elementor-grid\">\n\t\t\t\t<article class=\"elementor-post elementor-grid-item post-192177 post type-post status-publish format-standard has-post-thumbnail hentry category-uncategorized\">\n\t\t\t\t<a class=\"elementor-post__thumbnail__link\" href=\"https:\/\/poli-real-estate.ch\/en\/online-real-estate-appraisal-vs-in-person-property-valuation-advantages-and-disadvantages\/\" tabindex=\"-1\" >\n\t\t\t<div class=\"elementor-post__thumbnail\"><img loading=\"lazy\" decoding=\"async\" width=\"300\" height=\"200\" src=\"https:\/\/poli-real-estate.ch\/wp-content\/uploads\/2024\/08\/2148242898sgsg-300x200.jpeg\" class=\"attachment-medium size-medium wp-image-69456\" alt=\"Estimation immobili\u00e8re en ligne vs Estimation immobili\u00e8re en pr\u00e9sentiel - Image plans d&#039;architecte\n\nPoli Real Estate\" srcset=\"https:\/\/poli-real-estate.ch\/wp-content\/uploads\/2024\/08\/2148242898sgsg-300x200.jpeg 300w, https:\/\/poli-real-estate.ch\/wp-content\/uploads\/2024\/08\/2148242898sgsg-1024x684.jpeg 1024w, https:\/\/poli-real-estate.ch\/wp-content\/uploads\/2024\/08\/2148242898sgsg-768x513.jpeg 768w, https:\/\/poli-real-estate.ch\/wp-content\/uploads\/2024\/08\/2148242898sgsg-1536x1025.jpeg 1536w, https:\/\/poli-real-estate.ch\/wp-content\/uploads\/2024\/08\/2148242898sgsg.jpeg 2000w\" sizes=\"(max-width: 300px) 100vw, 300px\" \/><\/div>\n\t\t<\/a>\n\t\t\t\t<div class=\"elementor-post__text\">\n\t\t\t\t<h3 class=\"elementor-post__title\">\n\t\t\t<a href=\"https:\/\/poli-real-estate.ch\/en\/online-real-estate-appraisal-vs-in-person-property-valuation-advantages-and-disadvantages\/\" >\n\t\t\t\tOnline real estate appraisal vs. in-person property valuation: advantages and disadvantages\t\t\t<\/a>\n\t\t<\/h3>\n\t\t\t\t<div class=\"elementor-post__meta-data\">\n\t\t\t\t\t<span class=\"elementor-post-date\">\n\t\t\t15 April, 2026\t\t<\/span>\n\t\t\t\t<\/div>\n\t\t\n\t\t<a class=\"elementor-post__read-more\" href=\"https:\/\/poli-real-estate.ch\/en\/online-real-estate-appraisal-vs-in-person-property-valuation-advantages-and-disadvantages\/\" aria-label=\"Read more about Online real estate appraisal vs. in-person property valuation: advantages and disadvantages\" tabindex=\"-1\" >\n\t\t\tLire l'article \u00bb\t\t<\/a>\n\n\t\t\t\t<\/div>\n\t\t\t\t<\/article>\n\t\t\t\t<article class=\"elementor-post elementor-grid-item post-331778 post type-post status-publish format-standard has-post-thumbnail hentry category-non-classifiee\">\n\t\t\t\t<a class=\"elementor-post__thumbnail__link\" href=\"https:\/\/poli-real-estate.ch\/vente-immobiliere-valoriser-la-commercialisation-bien-immobilier\/\" tabindex=\"-1\" >\n\t\t\t<div class=\"elementor-post__thumbnail\"><img loading=\"lazy\" decoding=\"async\" width=\"300\" height=\"200\" src=\"https:\/\/poli-real-estate.ch\/wp-content\/uploads\/2026\/04\/Poli-Lausanne-Villette-19-1-300x200.jpg\" class=\"attachment-medium size-medium wp-image-332167\" alt=\"Vente Immobili\u00e8re - Valorisez la commercialisation de votre maison Poli Real Estate - Agence immobili\u00e8re \u00e0 Lausanne\" srcset=\"https:\/\/poli-real-estate.ch\/wp-content\/uploads\/2026\/04\/Poli-Lausanne-Villette-19-1-300x200.jpg 300w, https:\/\/poli-real-estate.ch\/wp-content\/uploads\/2026\/04\/Poli-Lausanne-Villette-19-1-1024x681.jpg 1024w, https:\/\/poli-real-estate.ch\/wp-content\/uploads\/2026\/04\/Poli-Lausanne-Villette-19-1-768x511.jpg 768w, https:\/\/poli-real-estate.ch\/wp-content\/uploads\/2026\/04\/Poli-Lausanne-Villette-19-1-1536x1022.jpg 1536w, https:\/\/poli-real-estate.ch\/wp-content\/uploads\/2026\/04\/Poli-Lausanne-Villette-19-1-2048x1362.jpg 2048w\" sizes=\"(max-width: 300px) 100vw, 300px\" \/><\/div>\n\t\t<\/a>\n\t\t\t\t<div class=\"elementor-post__text\">\n\t\t\t\t<h3 class=\"elementor-post__title\">\n\t\t\t<a href=\"https:\/\/poli-real-estate.ch\/vente-immobiliere-valoriser-la-commercialisation-bien-immobilier\/\" >\n\t\t\t\tVente immobili\u00e8re : <br>notre approche pour valoriser la commercialisation de votre bien\t\t\t<\/a>\n\t\t<\/h3>\n\t\t\t\t<div class=\"elementor-post__meta-data\">\n\t\t\t\t\t<span class=\"elementor-post-date\">\n\t\t\t13 April, 2026\t\t<\/span>\n\t\t\t\t<\/div>\n\t\t\n\t\t<a class=\"elementor-post__read-more\" href=\"https:\/\/poli-real-estate.ch\/vente-immobiliere-valoriser-la-commercialisation-bien-immobilier\/\" aria-label=\"Read more about Vente immobili\u00e8re : &lt;br&gt;notre approche pour valoriser la commercialisation de votre bien\" tabindex=\"-1\" >\n\t\t\tLire l'article \u00bb\t\t<\/a>\n\n\t\t\t\t<\/div>\n\t\t\t\t<\/article>\n\t\t\t\t<\/div>\n\t\t\n\t\t\t\t<\/div>\n\t\t\t\t<\/div>\n\t\t\t\t\t<\/div>\n\t\t\t\t<\/div>\n\t\t\t\t<\/div>\n\t\t","protected":false},"excerpt":{"rendered":"<p>A place of relaxation and daydreaming, the garden is a magical space\u2014a bubble of serenity<\/p>\n","protected":false},"author":7,"featured_media":66190,"comment_status":"open","ping_status":"open","sticky":false,"template":"","format":"standard","meta":{"_acf_changed":false,"inline_featured_image":false,"footnotes":""},"categories":[17],"tags":[],"class_list":["post-198996","post","type-post","status-publish","format-standard","has-post-thumbnail","hentry","category-uncategorized"],"acf":[],"yoast_head":"<!-- This site is optimized with the Yoast SEO Premium plugin v19.5 (Yoast SEO v19.10) - https:\/\/yoast.com\/wordpress\/plugins\/seo\/ -->\n<title>Modern Poetry \u2013 Enhance Your Garden | Poli Real Estate<\/title>\n<meta name=\"description\" content=\"Enhance your garden with expert tips from Lorenzo Poli, creating a vibrant, low-maintenance space that adds lasting value to your property.\" \/>\n<meta name=\"robots\" content=\"index, follow, max-snippet:-1, max-image-preview:large, max-video-preview:-1\" \/>\n<link rel=\"canonical\" href=\"https:\/\/poli-real-estate.ch\/en\/modern-poetry-enhance-your-garden-agefi-immo\/\" \/>\n<meta property=\"og:locale\" content=\"en_US\" \/>\n<meta property=\"og:type\" content=\"article\" \/>\n<meta property=\"og:title\" content=\"Modern Poetry \u2013 Enhance Your Garden\" \/>\n<meta property=\"og:description\" content=\"Enhance your garden with expert tips from Lorenzo Poli, creating a vibrant, low-maintenance space that adds lasting value to your property.\" \/>\n<meta property=\"og:url\" content=\"https:\/\/poli-real-estate.ch\/en\/modern-poetry-enhance-your-garden-agefi-immo\/\" \/>\n<meta property=\"og:site_name\" content=\"Poli Real Estate\" \/>\n<meta property=\"article:publisher\" content=\"https:\/\/www.facebook.com\/PRE.Pully\" \/>\n<meta property=\"article:published_time\" content=\"2023-09-01T11:27:24+00:00\" \/>\n<meta property=\"article:modified_time\" content=\"2025-02-27T14:09:26+00:00\" \/>\n<meta property=\"og:image\" content=\"https:\/\/poli-real-estate.ch\/wp-content\/uploads\/2023\/09\/Vues-001.jpg\" \/>\n\t<meta property=\"og:image:width\" content=\"1920\" \/>\n\t<meta property=\"og:image:height\" content=\"1280\" \/>\n\t<meta property=\"og:image:type\" content=\"image\/jpeg\" \/>\n<meta name=\"author\" content=\"Julio P\u00e9rez Garcia\" \/>\n<meta name=\"twitter:card\" content=\"summary_large_image\" \/>\n<meta name=\"twitter:description\" content=\"Enhance your garden with expert tips from Lorenzo Poli, creating a vibrant, low-maintenance space that adds lasting value to your property.\" \/>\n<meta name=\"twitter:label1\" content=\"Written by\" \/>\n\t<meta name=\"twitter:data1\" content=\"Julio P\u00e9rez Garcia\" \/>\n\t<meta name=\"twitter:label2\" content=\"Est. reading time\" \/>\n\t<meta name=\"twitter:data2\" content=\"4 minutes\" \/>\n<script type=\"application\/ld+json\" class=\"yoast-schema-graph\">{\"@context\":\"https:\/\/schema.org\",\"@graph\":[{\"@type\":\"Article\",\"@id\":\"https:\/\/poli-real-estate.ch\/en\/modern-poetry-enhance-your-garden-agefi-immo\/#article\",\"isPartOf\":{\"@id\":\"https:\/\/poli-real-estate.ch\/en\/modern-poetry-enhance-your-garden-agefi-immo\/\"},\"author\":{\"name\":\"Julio P\u00e9rez Garcia\",\"@id\":\"https:\/\/poli-real-estate.ch\/#\/schema\/person\/d3379b919dd425ea67fc9ba91d5e1dbe\"},\"headline\":\"Modern Poetry \u2013 Enhance Your Garden\",\"datePublished\":\"2023-09-01T11:27:24+00:00\",\"dateModified\":\"2025-02-27T14:09:26+00:00\",\"mainEntityOfPage\":{\"@id\":\"https:\/\/poli-real-estate.ch\/en\/modern-poetry-enhance-your-garden-agefi-immo\/\"},\"wordCount\":602,\"commentCount\":0,\"publisher\":{\"@id\":\"https:\/\/poli-real-estate.ch\/#organization\"},\"inLanguage\":\"en-US\",\"potentialAction\":[{\"@type\":\"CommentAction\",\"name\":\"Comment\",\"target\":[\"https:\/\/poli-real-estate.ch\/en\/modern-poetry-enhance-your-garden-agefi-immo\/#respond\"]}]},{\"@type\":\"WebPage\",\"@id\":\"https:\/\/poli-real-estate.ch\/en\/modern-poetry-enhance-your-garden-agefi-immo\/\",\"url\":\"https:\/\/poli-real-estate.ch\/en\/modern-poetry-enhance-your-garden-agefi-immo\/\",\"name\":\"Modern Poetry \u2013 Enhance Your Garden | Poli Real Estate\",\"isPartOf\":{\"@id\":\"https:\/\/poli-real-estate.ch\/#website\"},\"datePublished\":\"2023-09-01T11:27:24+00:00\",\"dateModified\":\"2025-02-27T14:09:26+00:00\",\"description\":\"Enhance your garden with expert tips from Lorenzo Poli, creating a vibrant, low-maintenance space that adds lasting value to your property.\",\"breadcrumb\":{\"@id\":\"https:\/\/poli-real-estate.ch\/en\/modern-poetry-enhance-your-garden-agefi-immo\/#breadcrumb\"},\"inLanguage\":\"en-US\",\"potentialAction\":[{\"@type\":\"ReadAction\",\"target\":[\"https:\/\/poli-real-estate.ch\/en\/modern-poetry-enhance-your-garden-agefi-immo\/\"]}]},{\"@type\":\"BreadcrumbList\",\"@id\":\"https:\/\/poli-real-estate.ch\/en\/modern-poetry-enhance-your-garden-agefi-immo\/#breadcrumb\",\"itemListElement\":[{\"@type\":\"ListItem\",\"position\":1,\"name\":\"Accueil\",\"item\":\"https:\/\/poli-real-estate.ch\/en\/\"},{\"@type\":\"ListItem\",\"position\":2,\"name\":\"Modern Poetry \u2013 Enhance Your Garden\"}]},{\"@type\":\"WebSite\",\"@id\":\"https:\/\/poli-real-estate.ch\/#website\",\"url\":\"https:\/\/poli-real-estate.ch\/\",\"name\":\"Poli Real Estate\",\"description\":\"Agence immobili\u00e8re | Pully - Lausanne\",\"publisher\":{\"@id\":\"https:\/\/poli-real-estate.ch\/#organization\"},\"potentialAction\":[{\"@type\":\"SearchAction\",\"target\":{\"@type\":\"EntryPoint\",\"urlTemplate\":\"https:\/\/poli-real-estate.ch\/?s={search_term_string}\"},\"query-input\":\"required name=search_term_string\"}],\"inLanguage\":\"en-US\"},{\"@type\":\"Organization\",\"@id\":\"https:\/\/poli-real-estate.ch\/#organization\",\"name\":\"Poli Real Estate\",\"url\":\"https:\/\/poli-real-estate.ch\/\",\"logo\":{\"@type\":\"ImageObject\",\"inLanguage\":\"en-US\",\"@id\":\"https:\/\/poli-real-estate.ch\/#\/schema\/logo\/image\/\",\"url\":\"https:\/\/poli-real-estate.ch\/wp-content\/uploads\/2021\/08\/poli-black.png\",\"contentUrl\":\"https:\/\/poli-real-estate.ch\/wp-content\/uploads\/2021\/08\/poli-black.png\",\"width\":161,\"height\":70,\"caption\":\"Poli Real Estate\"},\"image\":{\"@id\":\"https:\/\/poli-real-estate.ch\/#\/schema\/logo\/image\/\"},\"sameAs\":[\"https:\/\/www.linkedin.com\/company\/poli-real-estate-sa\/\",\"https:\/\/www.instagram.com\/polirealestate\/\",\"https:\/\/www.youtube.com\/channel\/UCH9zHYtqstsuOqlBnhWtwMg?app=desktop\",\"https:\/\/www.facebook.com\/PRE.Pully\"]},{\"@type\":\"Person\",\"@id\":\"https:\/\/poli-real-estate.ch\/#\/schema\/person\/d3379b919dd425ea67fc9ba91d5e1dbe\",\"name\":\"Julio P\u00e9rez Garcia\",\"image\":{\"@type\":\"ImageObject\",\"inLanguage\":\"en-US\",\"@id\":\"https:\/\/poli-real-estate.ch\/#\/schema\/person\/image\/\",\"url\":\"https:\/\/secure.gravatar.com\/avatar\/8a17f0c62791520adc6ef9af6b8e7cf4?s=96&d=mm&r=g\",\"contentUrl\":\"https:\/\/secure.gravatar.com\/avatar\/8a17f0c62791520adc6ef9af6b8e7cf4?s=96&d=mm&r=g\",\"caption\":\"Julio P\u00e9rez Garcia\"}}]}<\/script>\n<!-- \/ Yoast SEO Premium plugin. -->","yoast_head_json":{"title":"Modern Poetry \u2013 Enhance Your Garden | Poli Real Estate","description":"Enhance your garden with expert tips from Lorenzo Poli, creating a vibrant, low-maintenance space that adds lasting value to your property.","robots":{"index":"index","follow":"follow","max-snippet":"max-snippet:-1","max-image-preview":"max-image-preview:large","max-video-preview":"max-video-preview:-1"},"canonical":"https:\/\/poli-real-estate.ch\/en\/modern-poetry-enhance-your-garden-agefi-immo\/","og_locale":"en_US","og_type":"article","og_title":"Modern Poetry \u2013 Enhance Your Garden","og_description":"Enhance your garden with expert tips from Lorenzo Poli, creating a vibrant, low-maintenance space that adds lasting value to your property.","og_url":"https:\/\/poli-real-estate.ch\/en\/modern-poetry-enhance-your-garden-agefi-immo\/","og_site_name":"Poli Real Estate","article_publisher":"https:\/\/www.facebook.com\/PRE.Pully","article_published_time":"2023-09-01T11:27:24+00:00","article_modified_time":"2025-02-27T14:09:26+00:00","og_image":[{"width":1920,"height":1280,"url":"https:\/\/poli-real-estate.ch\/wp-content\/uploads\/2023\/09\/Vues-001.jpg","type":"image\/jpeg"}],"author":"Julio P\u00e9rez Garcia","twitter_card":"summary_large_image","twitter_description":"Enhance your garden with expert tips from Lorenzo Poli, creating a vibrant, low-maintenance space that adds lasting value to your property.","twitter_misc":{"Written by":"Julio P\u00e9rez Garcia","Est. reading time":"4 minutes"},"schema":{"@context":"https:\/\/schema.org","@graph":[{"@type":"Article","@id":"https:\/\/poli-real-estate.ch\/en\/modern-poetry-enhance-your-garden-agefi-immo\/#article","isPartOf":{"@id":"https:\/\/poli-real-estate.ch\/en\/modern-poetry-enhance-your-garden-agefi-immo\/"},"author":{"name":"Julio P\u00e9rez Garcia","@id":"https:\/\/poli-real-estate.ch\/#\/schema\/person\/d3379b919dd425ea67fc9ba91d5e1dbe"},"headline":"Modern Poetry \u2013 Enhance Your Garden","datePublished":"2023-09-01T11:27:24+00:00","dateModified":"2025-02-27T14:09:26+00:00","mainEntityOfPage":{"@id":"https:\/\/poli-real-estate.ch\/en\/modern-poetry-enhance-your-garden-agefi-immo\/"},"wordCount":602,"commentCount":0,"publisher":{"@id":"https:\/\/poli-real-estate.ch\/#organization"},"inLanguage":"en-US","potentialAction":[{"@type":"CommentAction","name":"Comment","target":["https:\/\/poli-real-estate.ch\/en\/modern-poetry-enhance-your-garden-agefi-immo\/#respond"]}]},{"@type":"WebPage","@id":"https:\/\/poli-real-estate.ch\/en\/modern-poetry-enhance-your-garden-agefi-immo\/","url":"https:\/\/poli-real-estate.ch\/en\/modern-poetry-enhance-your-garden-agefi-immo\/","name":"Modern Poetry \u2013 Enhance Your Garden | Poli Real Estate","isPartOf":{"@id":"https:\/\/poli-real-estate.ch\/#website"},"datePublished":"2023-09-01T11:27:24+00:00","dateModified":"2025-02-27T14:09:26+00:00","description":"Enhance your garden with expert tips from Lorenzo Poli, creating a vibrant, low-maintenance space that adds lasting value to your property.","breadcrumb":{"@id":"https:\/\/poli-real-estate.ch\/en\/modern-poetry-enhance-your-garden-agefi-immo\/#breadcrumb"},"inLanguage":"en-US","potentialAction":[{"@type":"ReadAction","target":["https:\/\/poli-real-estate.ch\/en\/modern-poetry-enhance-your-garden-agefi-immo\/"]}]},{"@type":"BreadcrumbList","@id":"https:\/\/poli-real-estate.ch\/en\/modern-poetry-enhance-your-garden-agefi-immo\/#breadcrumb","itemListElement":[{"@type":"ListItem","position":1,"name":"Accueil","item":"https:\/\/poli-real-estate.ch\/en\/"},{"@type":"ListItem","position":2,"name":"Modern Poetry \u2013 Enhance Your Garden"}]},{"@type":"WebSite","@id":"https:\/\/poli-real-estate.ch\/#website","url":"https:\/\/poli-real-estate.ch\/","name":"Poli Real Estate","description":"Agence immobili\u00e8re | Pully - Lausanne","publisher":{"@id":"https:\/\/poli-real-estate.ch\/#organization"},"potentialAction":[{"@type":"SearchAction","target":{"@type":"EntryPoint","urlTemplate":"https:\/\/poli-real-estate.ch\/?s={search_term_string}"},"query-input":"required name=search_term_string"}],"inLanguage":"en-US"},{"@type":"Organization","@id":"https:\/\/poli-real-estate.ch\/#organization","name":"Poli Real Estate","url":"https:\/\/poli-real-estate.ch\/","logo":{"@type":"ImageObject","inLanguage":"en-US","@id":"https:\/\/poli-real-estate.ch\/#\/schema\/logo\/image\/","url":"https:\/\/poli-real-estate.ch\/wp-content\/uploads\/2021\/08\/poli-black.png","contentUrl":"https:\/\/poli-real-estate.ch\/wp-content\/uploads\/2021\/08\/poli-black.png","width":161,"height":70,"caption":"Poli Real Estate"},"image":{"@id":"https:\/\/poli-real-estate.ch\/#\/schema\/logo\/image\/"},"sameAs":["https:\/\/www.linkedin.com\/company\/poli-real-estate-sa\/","https:\/\/www.instagram.com\/polirealestate\/","https:\/\/www.youtube.com\/channel\/UCH9zHYtqstsuOqlBnhWtwMg?app=desktop","https:\/\/www.facebook.com\/PRE.Pully"]},{"@type":"Person","@id":"https:\/\/poli-real-estate.ch\/#\/schema\/person\/d3379b919dd425ea67fc9ba91d5e1dbe","name":"Julio P\u00e9rez Garcia","image":{"@type":"ImageObject","inLanguage":"en-US","@id":"https:\/\/poli-real-estate.ch\/#\/schema\/person\/image\/","url":"https:\/\/secure.gravatar.com\/avatar\/8a17f0c62791520adc6ef9af6b8e7cf4?s=96&d=mm&r=g","contentUrl":"https:\/\/secure.gravatar.com\/avatar\/8a17f0c62791520adc6ef9af6b8e7cf4?s=96&d=mm&r=g","caption":"Julio P\u00e9rez Garcia"}}]}},"_links":{"self":[{"href":"https:\/\/poli-real-estate.ch\/en\/wp-json\/wp\/v2\/posts\/198996"}],"collection":[{"href":"https:\/\/poli-real-estate.ch\/en\/wp-json\/wp\/v2\/posts"}],"about":[{"href":"https:\/\/poli-real-estate.ch\/en\/wp-json\/wp\/v2\/types\/post"}],"author":[{"embeddable":true,"href":"https:\/\/poli-real-estate.ch\/en\/wp-json\/wp\/v2\/users\/7"}],"replies":[{"embeddable":true,"href":"https:\/\/poli-real-estate.ch\/en\/wp-json\/wp\/v2\/comments?post=198996"}],"version-history":[{"count":7,"href":"https:\/\/poli-real-estate.ch\/en\/wp-json\/wp\/v2\/posts\/198996\/revisions"}],"predecessor-version":[{"id":199107,"href":"https:\/\/poli-real-estate.ch\/en\/wp-json\/wp\/v2\/posts\/198996\/revisions\/199107"}],"wp:featuredmedia":[{"embeddable":true,"href":"https:\/\/poli-real-estate.ch\/en\/wp-json\/wp\/v2\/media\/66190"}],"wp:attachment":[{"href":"https:\/\/poli-real-estate.ch\/en\/wp-json\/wp\/v2\/media?parent=198996"}],"wp:term":[{"taxonomy":"category","embeddable":true,"href":"https:\/\/poli-real-estate.ch\/en\/wp-json\/wp\/v2\/categories?post=198996"},{"taxonomy":"post_tag","embeddable":true,"href":"https:\/\/poli-real-estate.ch\/en\/wp-json\/wp\/v2\/tags?post=198996"}],"curies":[{"name":"wp","href":"https:\/\/api.w.org\/{rel}","templated":true}]}}